{"id":787,"date":"2022-04-02T07:49:46","date_gmt":"2022-04-02T05:49:46","guid":{"rendered":"https:\/\/www.aterno.be\/?p=787"},"modified":"2022-06-17T11:20:39","modified_gmt":"2022-06-17T09:20:39","slug":"60-pourcent-des-belges-sont-equipes-d-une-chaudiere-vieillissante","status":"publish","type":"post","link":"https:\/\/www.aterno.be\/fr\/dossiers\/60-pourcent-des-belges-sont-equipes-d-une-chaudiere-vieillissante\/","title":{"rendered":"60\u00a0%* des Belges sont \u00e9quip\u00e9s d&#8217;une chaudi\u00e8re vieillissante"},"content":{"rendered":"<p>L&#8217;ann\u00e9e 2018 a \u00e9t\u00e9 marqu\u00e9e par une hausse des ventes de syst\u00e8mes de chauffage. Malgr\u00e9 cela, plus de la moiti\u00e9 des foyers belges sont toujours \u00e9quip\u00e9s de chaudi\u00e8res \u00e9nergivores. Il est urgent de les remplacer si le pays souhaite atteindre les objectifs fix\u00e9s par la transition \u00e9nerg\u00e9tique.<!--more--><\/p>\n<h2>Des dispositifs inefficaces et polluants<\/h2>\n<p>Plus une chaudi\u00e8re vieillit, plus son rendement \u00e9nerg\u00e9tique faiblit. Pour l&#8217;Association pour les Techniques Thermiques en Belgique (ATTB), la transition vers des \u00e9quipements performants est encore trop lente. Les vieilles chaudi\u00e8res \u00e0 mazout sont responsables d&#8217;importantes \u00e9missions de carbone. L&#8217;ATTB incite les autorit\u00e9s \u00e0 prendre des mesures pour interdire les modes de chauffage les plus polluants et encourage les Belges \u00e0 se tourner vers des solutions innovantes, qui r\u00e9duisent leur impact sur l&#8217;environnement.<\/p>\n<h2>Le radiateur \u00e9lectrique : une solution adapt\u00e9e \u00e0 toutes les situations<\/h2>\n<p>La perspective d&#8217;importants travaux, qui se prolongent sur plusieurs semaines et perturbent vos habitudes, vous emp\u00eache peut-\u00eatre d&#8217;envisager le remplacement de votre chaudi\u00e8re. Mais tous les types de chauffage ne sont pas difficiles \u00e0 mettre en \u0153uvre. Certaines solutions s&#8217;installent rapidement, sans parasiter votre quotidien. <strong>C&#8217;est le cas des radiateurs \u00e9lectriques de derni\u00e8re g\u00e9n\u00e9ration<\/strong>. Et si vous faites appel \u00e0 Aterno, vous ne vous souciez de rien, l&#8217;entreprise s&#8217;occupe de tout. Conseil, pose, explications : des professionnels sont \u00e0 votre disposition pour installer le mat\u00e9riel et r\u00e9pondre \u00e0 toutes vos questions.<\/p>\n<p>Les \u00e9quipements b\u00e9n\u00e9ficient des derni\u00e8res innovations technologiques et r\u00e9pondent aux exigences les plus strictes en ce qui concerne le confort et les \u00e9conomies. Vous avez la certitude de profiter d&#8217;une chaleur douce et enveloppante tout en \u00e9vitant le gaspillage \u00e9nerg\u00e9tique. Les mod\u00e8les de derni\u00e8re g\u00e9n\u00e9ration sont con\u00e7us pour s&#8217;adapter pr\u00e9cis\u00e9ment \u00e0 votre emploi du temps et \u00e0 vos habitudes.<\/p>\n<p><strong>Autre avantage :<\/strong> le radiateur \u00e9lectrique s&#8217;adapte \u00e0 toutes les pi\u00e8ces et \u00e0 toutes les configurations. Son installation peut \u00eatre progressive : vous n&#8217;avez pas besoin de remplacer votre ancien mat\u00e9riel en une seule fois. Vous pouvez prendre le temps de planifier votre projet puisque les \u00e9quipements sont enti\u00e8rement modulables et fonctionnent en totale autonomie. Pour en savoir plus, n&#8217;h\u00e9sitez pas \u00e0 demander un guide gratuit.<\/p>\n<p>* Source : <a href=\"https:\/\/www.belga.be\/fr\/\" target=\"_blank\" rel=\"noopener\">Belga<\/a><\/p>\n","protected":false},"excerpt":{"rendered":"<p>L&#8217;ann\u00e9e 2018 a \u00e9t\u00e9 marqu\u00e9e par une hausse des ventes de syst\u00e8mes de chauffage. Malgr\u00e9 [&hellip;]<\/p>\n","protected":false},"author":2,"featured_media":1626,"comment_status":"closed","ping_status":"closed","sticky":false,"template":"","format":"standard","meta":{"_acf_changed":false,"footnotes":""},"categories":[9],"tags":[],"class_list":["post-787","post","type-post","status-publish","format-standard","has-post-thumbnail","hentry","category-economies-d-energie"],"acf":[],"yoast_head":"<!-- This site is optimized with the Yoast SEO plugin v26.9 - https:\/\/yoast.com\/product\/yoast-seo-wordpress\/ -->\n<title>60\u00a0%* des Belges sont \u00e9quip\u00e9s d&#039;une chaudi\u00e8re vieillissante | Aterno<\/title>\n<meta name=\"description\" content=\"Investissez dans un radiateur \u00e9lectrique de derni\u00e8re g\u00e9n\u00e9ration pour allier confort et \u00e9conomies d&#039;\u00e9nergie !\" \/>\n<meta name=\"robots\" content=\"index, follow, max-snippet:-1, max-image-preview:large, max-video-preview:-1\" \/>\n<link rel=\"canonical\" href=\"https:\/\/www.aterno.be\/fr\/dossiers\/60-pourcent-des-belges-sont-equipes-d-une-chaudiere-vieillissante\/\" \/>\n<meta property=\"og:type\" content=\"article\" \/>\n<meta property=\"og:title\" content=\"60\u00a0%* des Belges sont \u00e9quip\u00e9s d&#039;une chaudi\u00e8re vieillissante | Aterno\" \/>\n<meta property=\"og:description\" content=\"Investissez dans un radiateur \u00e9lectrique de derni\u00e8re g\u00e9n\u00e9ration pour allier confort et \u00e9conomies d&#039;\u00e9nergie !\" \/>\n<meta property=\"og:url\" content=\"https:\/\/www.aterno.be\/fr\/dossiers\/60-pourcent-des-belges-sont-equipes-d-une-chaudiere-vieillissante\/\" \/>\n<meta property=\"og:site_name\" content=\"Aterno\" \/>\n<meta property=\"article:publisher\" content=\"https:\/\/www.facebook.com\/aterno.belgium\/\" \/>\n<meta property=\"article:published_time\" content=\"2022-04-02T05:49:46+00:00\" \/>\n<meta property=\"article:modified_time\" content=\"2022-06-17T09:20:39+00:00\" \/>\n<meta property=\"og:image\" content=\"https:\/\/www.aterno.be\/app\/uploads\/2022\/04\/vieille-chaudiere.jpg\" \/>\n\t<meta property=\"og:image:width\" content=\"720\" \/>\n\t<meta property=\"og:image:height\" content=\"1003\" \/>\n\t<meta property=\"og:image:type\" content=\"image\/jpeg\" \/>\n<meta name=\"author\" content=\"Nicolas Marey\" \/>\n<meta name=\"twitter:card\" content=\"summary_large_image\" \/>\n<meta name=\"twitter:label1\" content=\"Written by\" \/>\n\t<meta name=\"twitter:data1\" content=\"Nicolas Marey\" \/>\n\t<meta name=\"twitter:label2\" content=\"Est. reading time\" \/>\n\t<meta name=\"twitter:data2\" content=\"2 minutes\" \/>\n<script type=\"application\/ld+json\" class=\"yoast-schema-graph\">{\"@context\":\"https:\/\/schema.org\",\"@graph\":[{\"@type\":\"Article\",\"@id\":\"https:\/\/www.aterno.be\/fr\/dossiers\/60-pourcent-des-belges-sont-equipes-d-une-chaudiere-vieillissante\/#article\",\"isPartOf\":{\"@id\":\"https:\/\/www.aterno.be\/fr\/dossiers\/60-pourcent-des-belges-sont-equipes-d-une-chaudiere-vieillissante\/\"},\"author\":{\"name\":\"Nicolas Marey\",\"@id\":\"https:\/\/www.aterno.be\/nl\/#\/schema\/person\/5ac260c99fb2f286a6b6daa3e4894068\"},\"headline\":\"60\u00a0%* des Belges sont \u00e9quip\u00e9s d&#8217;une chaudi\u00e8re vieillissante\",\"datePublished\":\"2022-04-02T05:49:46+00:00\",\"dateModified\":\"2022-06-17T09:20:39+00:00\",\"mainEntityOfPage\":{\"@id\":\"https:\/\/www.aterno.be\/fr\/dossiers\/60-pourcent-des-belges-sont-equipes-d-une-chaudiere-vieillissante\/\"},\"wordCount\":399,\"publisher\":{\"@id\":\"https:\/\/www.aterno.be\/nl\/#organization\"},\"image\":{\"@id\":\"https:\/\/www.aterno.be\/fr\/dossiers\/60-pourcent-des-belges-sont-equipes-d-une-chaudiere-vieillissante\/#primaryimage\"},\"thumbnailUrl\":\"https:\/\/www.aterno.be\/app\/uploads\/2022\/04\/vieille-chaudiere.jpg\",\"articleSection\":[\"Economies d'\u00e9nergie\"],\"inLanguage\":\"fr-BE\"},{\"@type\":\"WebPage\",\"@id\":\"https:\/\/www.aterno.be\/fr\/dossiers\/60-pourcent-des-belges-sont-equipes-d-une-chaudiere-vieillissante\/\",\"url\":\"https:\/\/www.aterno.be\/fr\/dossiers\/60-pourcent-des-belges-sont-equipes-d-une-chaudiere-vieillissante\/\",\"name\":\"60\u00a0%* des Belges sont \u00e9quip\u00e9s d'une chaudi\u00e8re vieillissante | Aterno\",\"isPartOf\":{\"@id\":\"https:\/\/www.aterno.be\/nl\/#website\"},\"primaryImageOfPage\":{\"@id\":\"https:\/\/www.aterno.be\/fr\/dossiers\/60-pourcent-des-belges-sont-equipes-d-une-chaudiere-vieillissante\/#primaryimage\"},\"image\":{\"@id\":\"https:\/\/www.aterno.be\/fr\/dossiers\/60-pourcent-des-belges-sont-equipes-d-une-chaudiere-vieillissante\/#primaryimage\"},\"thumbnailUrl\":\"https:\/\/www.aterno.be\/app\/uploads\/2022\/04\/vieille-chaudiere.jpg\",\"datePublished\":\"2022-04-02T05:49:46+00:00\",\"dateModified\":\"2022-06-17T09:20:39+00:00\",\"description\":\"Investissez dans un radiateur \u00e9lectrique de derni\u00e8re g\u00e9n\u00e9ration pour allier confort et \u00e9conomies d'\u00e9nergie !\",\"breadcrumb\":{\"@id\":\"https:\/\/www.aterno.be\/fr\/dossiers\/60-pourcent-des-belges-sont-equipes-d-une-chaudiere-vieillissante\/#breadcrumb\"},\"inLanguage\":\"fr-BE\",\"potentialAction\":[{\"@type\":\"ReadAction\",\"target\":[\"https:\/\/www.aterno.be\/fr\/dossiers\/60-pourcent-des-belges-sont-equipes-d-une-chaudiere-vieillissante\/\"]}]},{\"@type\":\"ImageObject\",\"inLanguage\":\"fr-BE\",\"@id\":\"https:\/\/www.aterno.be\/fr\/dossiers\/60-pourcent-des-belges-sont-equipes-d-une-chaudiere-vieillissante\/#primaryimage\",\"url\":\"https:\/\/www.aterno.be\/app\/uploads\/2022\/04\/vieille-chaudiere.jpg\",\"contentUrl\":\"https:\/\/www.aterno.be\/app\/uploads\/2022\/04\/vieille-chaudiere.jpg\",\"width\":720,\"height\":1003,\"caption\":\"vieille chaudiere\"},{\"@type\":\"BreadcrumbList\",\"@id\":\"https:\/\/www.aterno.be\/fr\/dossiers\/60-pourcent-des-belges-sont-equipes-d-une-chaudiere-vieillissante\/#breadcrumb\",\"itemListElement\":[{\"@type\":\"ListItem\",\"position\":1,\"name\":\"Home\",\"item\":\"https:\/\/www.aterno.be\/fr\/\"},{\"@type\":\"ListItem\",\"position\":2,\"name\":\"60\u00a0%* des Belges sont \u00e9quip\u00e9s d&#8217;une chaudi\u00e8re vieillissante\"}]},{\"@type\":\"WebSite\",\"@id\":\"https:\/\/www.aterno.be\/nl\/#website\",\"url\":\"https:\/\/www.aterno.be\/nl\/\",\"name\":\"Aterno Belgium\",\"description\":\"\",\"publisher\":{\"@id\":\"https:\/\/www.aterno.be\/nl\/#organization\"},\"alternateName\":\"Aterno\",\"potentialAction\":[{\"@type\":\"SearchAction\",\"target\":{\"@type\":\"EntryPoint\",\"urlTemplate\":\"https:\/\/www.aterno.be\/nl\/?s={search_term_string}\"},\"query-input\":{\"@type\":\"PropertyValueSpecification\",\"valueRequired\":true,\"valueName\":\"search_term_string\"}}],\"inLanguage\":\"fr-BE\"},{\"@type\":\"Organization\",\"@id\":\"https:\/\/www.aterno.be\/nl\/#organization\",\"name\":\"Aterno Belgium\",\"alternateName\":\"Aterno\",\"url\":\"https:\/\/www.aterno.be\/nl\/\",\"logo\":{\"@type\":\"ImageObject\",\"inLanguage\":\"fr-BE\",\"@id\":\"https:\/\/www.aterno.be\/nl\/#\/schema\/logo\/image\/\",\"url\":\"https:\/\/www.aterno.be\/app\/uploads\/2022\/06\/logo-aterno-2.png\",\"contentUrl\":\"https:\/\/www.aterno.be\/app\/uploads\/2022\/06\/logo-aterno-2.png\",\"width\":246,\"height\":246,\"caption\":\"Aterno Belgium\"},\"image\":{\"@id\":\"https:\/\/www.aterno.be\/nl\/#\/schema\/logo\/image\/\"},\"sameAs\":[\"https:\/\/www.facebook.com\/aterno.belgium\/\",\"https:\/\/www.linkedin.com\/company\/aterno\/\"]},{\"@type\":\"Person\",\"@id\":\"https:\/\/www.aterno.be\/nl\/#\/schema\/person\/5ac260c99fb2f286a6b6daa3e4894068\",\"name\":\"Nicolas Marey\",\"image\":{\"@type\":\"ImageObject\",\"inLanguage\":\"fr-BE\",\"@id\":\"https:\/\/www.aterno.be\/nl\/#\/schema\/person\/image\/\",\"url\":\"https:\/\/secure.gravatar.com\/avatar\/8fb51a00ab0cef6bc7628d6a38bf02be185e6ef58cff45802ddb9c495f9a5bb7?s=96&d=mm&r=g\",\"contentUrl\":\"https:\/\/secure.gravatar.com\/avatar\/8fb51a00ab0cef6bc7628d6a38bf02be185e6ef58cff45802ddb9c495f9a5bb7?s=96&d=mm&r=g\",\"caption\":\"Nicolas Marey\"}}]}<\/script>\n<!-- \/ Yoast SEO plugin. -->","yoast_head_json":{"title":"60\u00a0%* des Belges sont \u00e9quip\u00e9s d'une chaudi\u00e8re vieillissante | Aterno","description":"Investissez dans un radiateur \u00e9lectrique de derni\u00e8re g\u00e9n\u00e9ration pour allier confort et \u00e9conomies d'\u00e9nergie !","robots":{"index":"index","follow":"follow","max-snippet":"max-snippet:-1","max-image-preview":"max-image-preview:large","max-video-preview":"max-video-preview:-1"},"canonical":"https:\/\/www.aterno.be\/fr\/dossiers\/60-pourcent-des-belges-sont-equipes-d-une-chaudiere-vieillissante\/","og_type":"article","og_title":"60\u00a0%* des Belges sont \u00e9quip\u00e9s d'une chaudi\u00e8re vieillissante | Aterno","og_description":"Investissez dans un radiateur \u00e9lectrique de derni\u00e8re g\u00e9n\u00e9ration pour allier confort et \u00e9conomies d'\u00e9nergie !","og_url":"https:\/\/www.aterno.be\/fr\/dossiers\/60-pourcent-des-belges-sont-equipes-d-une-chaudiere-vieillissante\/","og_site_name":"Aterno","article_publisher":"https:\/\/www.facebook.com\/aterno.belgium\/","article_published_time":"2022-04-02T05:49:46+00:00","article_modified_time":"2022-06-17T09:20:39+00:00","og_image":[{"width":720,"height":1003,"url":"https:\/\/www.aterno.be\/app\/uploads\/2022\/04\/vieille-chaudiere.jpg","type":"image\/jpeg"}],"author":"Nicolas Marey","twitter_card":"summary_large_image","twitter_misc":{"Written by":"Nicolas Marey","Est. reading time":"2 minutes"},"schema":{"@context":"https:\/\/schema.org","@graph":[{"@type":"Article","@id":"https:\/\/www.aterno.be\/fr\/dossiers\/60-pourcent-des-belges-sont-equipes-d-une-chaudiere-vieillissante\/#article","isPartOf":{"@id":"https:\/\/www.aterno.be\/fr\/dossiers\/60-pourcent-des-belges-sont-equipes-d-une-chaudiere-vieillissante\/"},"author":{"name":"Nicolas Marey","@id":"https:\/\/www.aterno.be\/nl\/#\/schema\/person\/5ac260c99fb2f286a6b6daa3e4894068"},"headline":"60\u00a0%* des Belges sont \u00e9quip\u00e9s d&#8217;une chaudi\u00e8re vieillissante","datePublished":"2022-04-02T05:49:46+00:00","dateModified":"2022-06-17T09:20:39+00:00","mainEntityOfPage":{"@id":"https:\/\/www.aterno.be\/fr\/dossiers\/60-pourcent-des-belges-sont-equipes-d-une-chaudiere-vieillissante\/"},"wordCount":399,"publisher":{"@id":"https:\/\/www.aterno.be\/nl\/#organization"},"image":{"@id":"https:\/\/www.aterno.be\/fr\/dossiers\/60-pourcent-des-belges-sont-equipes-d-une-chaudiere-vieillissante\/#primaryimage"},"thumbnailUrl":"https:\/\/www.aterno.be\/app\/uploads\/2022\/04\/vieille-chaudiere.jpg","articleSection":["Economies d'\u00e9nergie"],"inLanguage":"fr-BE"},{"@type":"WebPage","@id":"https:\/\/www.aterno.be\/fr\/dossiers\/60-pourcent-des-belges-sont-equipes-d-une-chaudiere-vieillissante\/","url":"https:\/\/www.aterno.be\/fr\/dossiers\/60-pourcent-des-belges-sont-equipes-d-une-chaudiere-vieillissante\/","name":"60\u00a0%* des Belges sont \u00e9quip\u00e9s d'une chaudi\u00e8re vieillissante | Aterno","isPartOf":{"@id":"https:\/\/www.aterno.be\/nl\/#website"},"primaryImageOfPage":{"@id":"https:\/\/www.aterno.be\/fr\/dossiers\/60-pourcent-des-belges-sont-equipes-d-une-chaudiere-vieillissante\/#primaryimage"},"image":{"@id":"https:\/\/www.aterno.be\/fr\/dossiers\/60-pourcent-des-belges-sont-equipes-d-une-chaudiere-vieillissante\/#primaryimage"},"thumbnailUrl":"https:\/\/www.aterno.be\/app\/uploads\/2022\/04\/vieille-chaudiere.jpg","datePublished":"2022-04-02T05:49:46+00:00","dateModified":"2022-06-17T09:20:39+00:00","description":"Investissez dans un radiateur \u00e9lectrique de derni\u00e8re g\u00e9n\u00e9ration pour allier confort et \u00e9conomies d'\u00e9nergie !","breadcrumb":{"@id":"https:\/\/www.aterno.be\/fr\/dossiers\/60-pourcent-des-belges-sont-equipes-d-une-chaudiere-vieillissante\/#breadcrumb"},"inLanguage":"fr-BE","potentialAction":[{"@type":"ReadAction","target":["https:\/\/www.aterno.be\/fr\/dossiers\/60-pourcent-des-belges-sont-equipes-d-une-chaudiere-vieillissante\/"]}]},{"@type":"ImageObject","inLanguage":"fr-BE","@id":"https:\/\/www.aterno.be\/fr\/dossiers\/60-pourcent-des-belges-sont-equipes-d-une-chaudiere-vieillissante\/#primaryimage","url":"https:\/\/www.aterno.be\/app\/uploads\/2022\/04\/vieille-chaudiere.jpg","contentUrl":"https:\/\/www.aterno.be\/app\/uploads\/2022\/04\/vieille-chaudiere.jpg","width":720,"height":1003,"caption":"vieille chaudiere"},{"@type":"BreadcrumbList","@id":"https:\/\/www.aterno.be\/fr\/dossiers\/60-pourcent-des-belges-sont-equipes-d-une-chaudiere-vieillissante\/#breadcrumb","itemListElement":[{"@type":"ListItem","position":1,"name":"Home","item":"https:\/\/www.aterno.be\/fr\/"},{"@type":"ListItem","position":2,"name":"60\u00a0%* des Belges sont \u00e9quip\u00e9s d&#8217;une chaudi\u00e8re vieillissante"}]},{"@type":"WebSite","@id":"https:\/\/www.aterno.be\/nl\/#website","url":"https:\/\/www.aterno.be\/nl\/","name":"Aterno Belgium","description":"","publisher":{"@id":"https:\/\/www.aterno.be\/nl\/#organization"},"alternateName":"Aterno","potentialAction":[{"@type":"SearchAction","target":{"@type":"EntryPoint","urlTemplate":"https:\/\/www.aterno.be\/nl\/?s={search_term_string}"},"query-input":{"@type":"PropertyValueSpecification","valueRequired":true,"valueName":"search_term_string"}}],"inLanguage":"fr-BE"},{"@type":"Organization","@id":"https:\/\/www.aterno.be\/nl\/#organization","name":"Aterno Belgium","alternateName":"Aterno","url":"https:\/\/www.aterno.be\/nl\/","logo":{"@type":"ImageObject","inLanguage":"fr-BE","@id":"https:\/\/www.aterno.be\/nl\/#\/schema\/logo\/image\/","url":"https:\/\/www.aterno.be\/app\/uploads\/2022\/06\/logo-aterno-2.png","contentUrl":"https:\/\/www.aterno.be\/app\/uploads\/2022\/06\/logo-aterno-2.png","width":246,"height":246,"caption":"Aterno Belgium"},"image":{"@id":"https:\/\/www.aterno.be\/nl\/#\/schema\/logo\/image\/"},"sameAs":["https:\/\/www.facebook.com\/aterno.belgium\/","https:\/\/www.linkedin.com\/company\/aterno\/"]},{"@type":"Person","@id":"https:\/\/www.aterno.be\/nl\/#\/schema\/person\/5ac260c99fb2f286a6b6daa3e4894068","name":"Nicolas Marey","image":{"@type":"ImageObject","inLanguage":"fr-BE","@id":"https:\/\/www.aterno.be\/nl\/#\/schema\/person\/image\/","url":"https:\/\/secure.gravatar.com\/avatar\/8fb51a00ab0cef6bc7628d6a38bf02be185e6ef58cff45802ddb9c495f9a5bb7?s=96&d=mm&r=g","contentUrl":"https:\/\/secure.gravatar.com\/avatar\/8fb51a00ab0cef6bc7628d6a38bf02be185e6ef58cff45802ddb9c495f9a5bb7?s=96&d=mm&r=g","caption":"Nicolas Marey"}}]}},"_links":{"self":[{"href":"https:\/\/www.aterno.be\/fr\/wp-json\/wp\/v2\/posts\/787","targetHints":{"allow":["GET"]}}],"collection":[{"href":"https:\/\/www.aterno.be\/fr\/wp-json\/wp\/v2\/posts"}],"about":[{"href":"https:\/\/www.aterno.be\/fr\/wp-json\/wp\/v2\/types\/post"}],"author":[{"embeddable":true,"href":"https:\/\/www.aterno.be\/fr\/wp-json\/wp\/v2\/users\/2"}],"replies":[{"embeddable":true,"href":"https:\/\/www.aterno.be\/fr\/wp-json\/wp\/v2\/comments?post=787"}],"version-history":[{"count":5,"href":"https:\/\/www.aterno.be\/fr\/wp-json\/wp\/v2\/posts\/787\/revisions"}],"predecessor-version":[{"id":1628,"href":"https:\/\/www.aterno.be\/fr\/wp-json\/wp\/v2\/posts\/787\/revisions\/1628"}],"wp:featuredmedia":[{"embeddable":true,"href":"https:\/\/www.aterno.be\/fr\/wp-json\/wp\/v2\/media\/1626"}],"wp:attachment":[{"href":"https:\/\/www.aterno.be\/fr\/wp-json\/wp\/v2\/media?parent=787"}],"wp:term":[{"taxonomy":"category","embeddable":true,"href":"https:\/\/www.aterno.be\/fr\/wp-json\/wp\/v2\/categories?post=787"},{"taxonomy":"post_tag","embeddable":true,"href":"https:\/\/www.aterno.be\/fr\/wp-json\/wp\/v2\/tags?post=787"}],"curies":[{"name":"wp","href":"https:\/\/api.w.org\/{rel}","templated":true}]}}