{"id":785,"date":"2022-04-02T07:49:23","date_gmt":"2022-04-02T05:49:23","guid":{"rendered":"https:\/\/www.aterno.be\/?p=785"},"modified":"2023-01-06T12:30:18","modified_gmt":"2023-01-06T11:30:18","slug":"les-tarifs-de-l-electricite-en-belgique","status":"publish","type":"post","link":"https:\/\/www.aterno.be\/fr\/dossiers\/les-tarifs-de-l-electricite-en-belgique\/","title":{"rendered":"Les tarifs de l&#8217;\u00e9lectricit\u00e9 en Belgique"},"content":{"rendered":"<p>Savez-vous de quoi se compose le prix de l&#8217;\u00e9lectricit\u00e9 ? Quels sont les diff\u00e9rents types de tarifs disponibles en Belgique ? Si le co\u00fbt des diff\u00e9rentes \u00e9nergies a tendance \u00e0 augmenter, il existe des solutions pour limiter l&#8217;impact de ces hausses sur votre budget.<!--more--><\/p>\n<h2>Comment se d\u00e9compose le prix de l&#8217;\u00e9lectricit\u00e9 ?<\/h2>\n<p>Le prix d&#8217;un kWh d&#8217;\u00e9lectricit\u00e9 est compos\u00e9 de plusieurs \u00e9l\u00e9ments :<\/p>\n<ul>\n<li><strong>Les frais de transport :<\/strong> Les gestionnaires sont charg\u00e9s de l&#8217;acheminement de l&#8217;\u00e9lectricit\u00e9 vers les foyers. Ils r\u00e9percutent les co\u00fbts de transport sur le prix final de l&#8217;\u00e9nergie.<\/li>\n<li><strong>Les frais de distribution :<\/strong> Ils correspondent aux co\u00fbts engag\u00e9s pour la gestion du r\u00e9seau de transport haute tension.<\/li>\n<li><strong>Les taxes :<\/strong> Fix\u00e9es par les autorit\u00e9s, elles comprennent notamment la cotisation \u00e9nergie et la cotisation f\u00e9d\u00e9rale.<\/li>\n<li><strong>Le prix de l&#8217;\u00e9nergie :<\/strong> Il est d\u00e9termin\u00e9 par les fournisseurs, qui peuvent le faire varier pour \u00eatre plus comp\u00e9titifs que leurs concurrents.<\/li>\n<\/ul>\n<h2>Les diff\u00e9rents types de tarifs<\/h2>\n<p>Il existe trois types de tarifs pour l&#8217;\u00e9lectricit\u00e9 en Belgique :<\/p>\n<ul>\n<li>Le simple tarif ou tarif normal<\/li>\n<li>Le tarif bi-horaire<\/li>\n<li>Le tarif exclusif nuit<\/li>\n<\/ul>\n<h2>Le simple tarif<\/h2>\n<p>Aussi appel\u00e9 \u00ab tarif normal \u00bb, le simple tarif se caract\u00e9rise par un tarif unique de l&#8217;\u00e9lectricit\u00e9, de jour comme de nuit. Si les prix varient d&#8217;un fournisseur \u00e0 l&#8217;autre, le simple tarif est g\u00e9n\u00e9ralement moins cher que le tarif \u00ab jour \u00bb du tarif bi-horaire mais plus cher que le tarif \u00ab nuit \u00bb de ce m\u00eame tarif.<\/p>\n<h2>Le tarif bi-horaire<\/h2>\n<p>Le tarif bi-horaire permet de profiter de deux tarifs diff\u00e9rents :<\/p>\n<ul>\n<li>Un tarif de jour, qui s&#8217;applique aux heures pleines, les jours ouvrables, de 7 \u00e0 22h, ou de 8 \u00e0 23h, en fonction de la commune dans laquelle vous r\u00e9sidez.<\/li>\n<li>Un tarif de nuit, qui s&#8217;applique aux heures creuses, la nuit et le week-end.<\/li>\n<\/ul>\n<p>Le tarif bi-horaire n\u00e9cessite un compteur \u00e0 deux cadrans (les nouveaux compteurs disposent tous de deux cadrans. Mais, si vous disposez de ce type de compteur, cela ne signifie pas que vous b\u00e9n\u00e9ficiez du tarif bi-horaire. Pour l&#8217;activer, vous devez vous rapprocher de votre fournisseur d&#8217;\u00e9nergie).<\/p>\n<p>Concernant les prix, le tarif \u00ab jour \u00bb est plus \u00e9lev\u00e9 que le simple tarif mais le tarif \u00ab nuit \u00bb est plus avantageux. Notez \u00e9galement qu&#8217;avec un tarif bi-horaire, l&#8217;abonnement mensuel est plus \u00e9lev\u00e9. C&#8217;est une solution int\u00e9ressante si vous avez l&#8217;habitude de consommer plus d&#8217;\u00e9lectricit\u00e9 le soir et le week-end.<\/p>\n<h2>Le tarif exclusif nuit<\/h2>\n<p>Il s&#8217;applique uniquement \u00e0 l&#8217;\u00e9lectricit\u00e9 consomm\u00e9e entre 23h et 8h. Cette consommation est relev\u00e9e par un compteur \u00ab exclusif nuit \u00bb. L\u00e0 encore, le tarif exclusif nuit est fix\u00e9 par votre fournisseur d&#8217;\u00e9lectricit\u00e9 mais il est plus avantageux que le tarif \u00ab nuit \u00bb du tarif bi-horaire.<\/p>\n<p>En revanche, il n\u00e9cessite un circuit \u00e9lectrique distinct du reste de l&#8217;<a href=\"https:\/\/www.aterno.be\/fr\/articles\/11-installateur-chauffage-electrique\/index.html\" title=\"installateur chauffage electrique\">installation \u00e9lectrique<\/a>. Seuls des appareils fonctionnant la nuit (chauffage \u00e0 accumulation, chauffe-eau&#8230;) peuvent \u00eatre raccord\u00e9s \u00e0 ce circuit \u00e9lectrique. Mais si votre chauffe-eau est branch\u00e9 sur un circuit exclusif nuit et que vous avez utilis\u00e9 toute l&#8217;eau chaude disponible le matin \u00e0 10 h, vous devez attendre 23 h pour qu&#8217;il se remette \u00e0 fonctionner.<\/p>\n<p>Le compteur exclusif nuit ne peut \u00eatre utilis\u00e9 seul. Il n\u00e9cessite obligatoirement le recours \u00e0 un compteur simple ou \u00e0 un compteur bi-horaire.<\/p>\n<h2>Comment faire face \u00e0 l&#8217;augmentation du prix des \u00e9nergies&nbsp;?<\/h2>\n<p>Ces derni\u00e8res ann\u00e9es, vous avez peut-\u00eatre constat\u00e9 que le prix des \u00e9nergies ne cesse d&#8217;augmenter. Pour faire face \u00e0 ces hausses et limiter au maximum vos d\u00e9penses \u00e9nerg\u00e9tiques, il est essentiel d&#8217;investir dans des \u00e9quipements performants et peu \u00e9nergivores.<\/p>\n<p>Cette id\u00e9e est au c\u0153ur des pr\u00e9occupations d&#8217;Aterno. Lorsque l&#8217;entreprise d\u00e9veloppe son syst\u00e8me de chauffage, c&#8217;est pour garantir votre s\u00e9curit\u00e9, votre confort et vous permettre de faire des \u00e9conomies. Les \u00e9quipements sont tous compos\u00e9s de mat\u00e9riaux solides et m\u00ealent savoir-faire artisanal et technologies de pointe.<\/p>\n<p>Comme il s&#8217;agit de radiateurs \u00e9lectriques, vous n&#8217;avez aucun contr\u00f4le ou entretien \u00e0 pr\u00e9voir. Les garanties dont ils disposent attestent de leur fiabilit\u00e9 et vous \u00e9vitent de mauvaises surprises. Pour en savoir plus sur les caract\u00e9ristiques de ces appareils de derni\u00e8re g\u00e9n\u00e9ration, demandez un guide gratuit.<\/p>\n","protected":false},"excerpt":{"rendered":"<p>Savez-vous de quoi se compose le prix de l&#8217;\u00e9lectricit\u00e9 ? Quels sont les diff\u00e9rents types [&hellip;]<\/p>\n","protected":false},"author":2,"featured_media":1609,"comment_status":"closed","ping_status":"closed","sticky":false,"template":"","format":"standard","meta":{"_acf_changed":false,"footnotes":""},"categories":[9],"tags":[],"class_list":["post-785","post","type-post","status-publish","format-standard","has-post-thumbnail","hentry","category-economies-d-energie"],"acf":[],"yoast_head":"<!-- This site is optimized with the Yoast SEO plugin v26.9 - https:\/\/yoast.com\/product\/yoast-seo-wordpress\/ -->\n<title>Les tarifs de l&#039;\u00e9lectricit\u00e9 en Belgique | Aterno<\/title>\n<meta name=\"description\" content=\"Aterno fait le point sur les diff\u00e9rents tarifs de l&#039;\u00e9lectricit\u00e9 en Belgique et leur particularit\u00e9 : simple tarif, tarif bi-horaire, tarif exclusif nuit.\" \/>\n<meta name=\"robots\" content=\"index, follow, max-snippet:-1, max-image-preview:large, max-video-preview:-1\" \/>\n<link rel=\"canonical\" href=\"https:\/\/www.aterno.be\/fr\/dossiers\/les-tarifs-de-l-electricite-en-belgique\/\" \/>\n<meta property=\"og:type\" content=\"article\" \/>\n<meta property=\"og:title\" content=\"Les tarifs de l&#039;\u00e9lectricit\u00e9 en Belgique | Aterno\" \/>\n<meta property=\"og:description\" content=\"Aterno fait le point sur les diff\u00e9rents tarifs de l&#039;\u00e9lectricit\u00e9 en Belgique et leur particularit\u00e9 : simple tarif, tarif bi-horaire, tarif exclusif nuit.\" \/>\n<meta property=\"og:url\" content=\"https:\/\/www.aterno.be\/fr\/dossiers\/les-tarifs-de-l-electricite-en-belgique\/\" \/>\n<meta property=\"og:site_name\" content=\"Aterno\" \/>\n<meta property=\"article:publisher\" content=\"https:\/\/www.facebook.com\/aterno.belgium\/\" \/>\n<meta property=\"article:published_time\" content=\"2022-04-02T05:49:23+00:00\" \/>\n<meta property=\"article:modified_time\" content=\"2023-01-06T11:30:18+00:00\" \/>\n<meta property=\"og:image\" content=\"https:\/\/www.aterno.be\/app\/uploads\/2022\/04\/tarifs-electricite.jpg\" \/>\n\t<meta property=\"og:image:width\" content=\"870\" \/>\n\t<meta property=\"og:image:height\" content=\"580\" \/>\n\t<meta property=\"og:image:type\" content=\"image\/jpeg\" \/>\n<meta name=\"author\" content=\"Nicolas Marey\" \/>\n<meta name=\"twitter:card\" content=\"summary_large_image\" \/>\n<meta name=\"twitter:label1\" content=\"Written by\" \/>\n\t<meta name=\"twitter:data1\" content=\"Nicolas Marey\" \/>\n\t<meta name=\"twitter:label2\" content=\"Est. reading time\" \/>\n\t<meta name=\"twitter:data2\" content=\"3 minutes\" \/>\n<script type=\"application\/ld+json\" class=\"yoast-schema-graph\">{\"@context\":\"https:\/\/schema.org\",\"@graph\":[{\"@type\":\"Article\",\"@id\":\"https:\/\/www.aterno.be\/fr\/dossiers\/les-tarifs-de-l-electricite-en-belgique\/#article\",\"isPartOf\":{\"@id\":\"https:\/\/www.aterno.be\/fr\/dossiers\/les-tarifs-de-l-electricite-en-belgique\/\"},\"author\":{\"name\":\"Nicolas Marey\",\"@id\":\"https:\/\/www.aterno.be\/nl\/#\/schema\/person\/5ac260c99fb2f286a6b6daa3e4894068\"},\"headline\":\"Les tarifs de l&#8217;\u00e9lectricit\u00e9 en Belgique\",\"datePublished\":\"2022-04-02T05:49:23+00:00\",\"dateModified\":\"2023-01-06T11:30:18+00:00\",\"mainEntityOfPage\":{\"@id\":\"https:\/\/www.aterno.be\/fr\/dossiers\/les-tarifs-de-l-electricite-en-belgique\/\"},\"wordCount\":730,\"publisher\":{\"@id\":\"https:\/\/www.aterno.be\/nl\/#organization\"},\"image\":{\"@id\":\"https:\/\/www.aterno.be\/fr\/dossiers\/les-tarifs-de-l-electricite-en-belgique\/#primaryimage\"},\"thumbnailUrl\":\"https:\/\/www.aterno.be\/app\/uploads\/2022\/04\/tarifs-electricite.jpg\",\"articleSection\":[\"Economies d'\u00e9nergie\"],\"inLanguage\":\"fr-BE\"},{\"@type\":\"WebPage\",\"@id\":\"https:\/\/www.aterno.be\/fr\/dossiers\/les-tarifs-de-l-electricite-en-belgique\/\",\"url\":\"https:\/\/www.aterno.be\/fr\/dossiers\/les-tarifs-de-l-electricite-en-belgique\/\",\"name\":\"Les tarifs de l'\u00e9lectricit\u00e9 en Belgique | Aterno\",\"isPartOf\":{\"@id\":\"https:\/\/www.aterno.be\/nl\/#website\"},\"primaryImageOfPage\":{\"@id\":\"https:\/\/www.aterno.be\/fr\/dossiers\/les-tarifs-de-l-electricite-en-belgique\/#primaryimage\"},\"image\":{\"@id\":\"https:\/\/www.aterno.be\/fr\/dossiers\/les-tarifs-de-l-electricite-en-belgique\/#primaryimage\"},\"thumbnailUrl\":\"https:\/\/www.aterno.be\/app\/uploads\/2022\/04\/tarifs-electricite.jpg\",\"datePublished\":\"2022-04-02T05:49:23+00:00\",\"dateModified\":\"2023-01-06T11:30:18+00:00\",\"description\":\"Aterno fait le point sur les diff\u00e9rents tarifs de l'\u00e9lectricit\u00e9 en Belgique et leur particularit\u00e9 : simple tarif, tarif bi-horaire, tarif exclusif nuit.\",\"breadcrumb\":{\"@id\":\"https:\/\/www.aterno.be\/fr\/dossiers\/les-tarifs-de-l-electricite-en-belgique\/#breadcrumb\"},\"inLanguage\":\"fr-BE\",\"potentialAction\":[{\"@type\":\"ReadAction\",\"target\":[\"https:\/\/www.aterno.be\/fr\/dossiers\/les-tarifs-de-l-electricite-en-belgique\/\"]}]},{\"@type\":\"ImageObject\",\"inLanguage\":\"fr-BE\",\"@id\":\"https:\/\/www.aterno.be\/fr\/dossiers\/les-tarifs-de-l-electricite-en-belgique\/#primaryimage\",\"url\":\"https:\/\/www.aterno.be\/app\/uploads\/2022\/04\/tarifs-electricite.jpg\",\"contentUrl\":\"https:\/\/www.aterno.be\/app\/uploads\/2022\/04\/tarifs-electricite.jpg\",\"width\":870,\"height\":580,\"caption\":\"tarifs electricite\"},{\"@type\":\"BreadcrumbList\",\"@id\":\"https:\/\/www.aterno.be\/fr\/dossiers\/les-tarifs-de-l-electricite-en-belgique\/#breadcrumb\",\"itemListElement\":[{\"@type\":\"ListItem\",\"position\":1,\"name\":\"Home\",\"item\":\"https:\/\/www.aterno.be\/fr\/\"},{\"@type\":\"ListItem\",\"position\":2,\"name\":\"Les tarifs de l&#8217;\u00e9lectricit\u00e9 en Belgique\"}]},{\"@type\":\"WebSite\",\"@id\":\"https:\/\/www.aterno.be\/nl\/#website\",\"url\":\"https:\/\/www.aterno.be\/nl\/\",\"name\":\"Aterno Belgium\",\"description\":\"\",\"publisher\":{\"@id\":\"https:\/\/www.aterno.be\/nl\/#organization\"},\"alternateName\":\"Aterno\",\"potentialAction\":[{\"@type\":\"SearchAction\",\"target\":{\"@type\":\"EntryPoint\",\"urlTemplate\":\"https:\/\/www.aterno.be\/nl\/?s={search_term_string}\"},\"query-input\":{\"@type\":\"PropertyValueSpecification\",\"valueRequired\":true,\"valueName\":\"search_term_string\"}}],\"inLanguage\":\"fr-BE\"},{\"@type\":\"Organization\",\"@id\":\"https:\/\/www.aterno.be\/nl\/#organization\",\"name\":\"Aterno Belgium\",\"alternateName\":\"Aterno\",\"url\":\"https:\/\/www.aterno.be\/nl\/\",\"logo\":{\"@type\":\"ImageObject\",\"inLanguage\":\"fr-BE\",\"@id\":\"https:\/\/www.aterno.be\/nl\/#\/schema\/logo\/image\/\",\"url\":\"https:\/\/www.aterno.be\/app\/uploads\/2022\/06\/logo-aterno-2.png\",\"contentUrl\":\"https:\/\/www.aterno.be\/app\/uploads\/2022\/06\/logo-aterno-2.png\",\"width\":246,\"height\":246,\"caption\":\"Aterno Belgium\"},\"image\":{\"@id\":\"https:\/\/www.aterno.be\/nl\/#\/schema\/logo\/image\/\"},\"sameAs\":[\"https:\/\/www.facebook.com\/aterno.belgium\/\",\"https:\/\/www.linkedin.com\/company\/aterno\/\"]},{\"@type\":\"Person\",\"@id\":\"https:\/\/www.aterno.be\/nl\/#\/schema\/person\/5ac260c99fb2f286a6b6daa3e4894068\",\"name\":\"Nicolas Marey\",\"image\":{\"@type\":\"ImageObject\",\"inLanguage\":\"fr-BE\",\"@id\":\"https:\/\/www.aterno.be\/nl\/#\/schema\/person\/image\/\",\"url\":\"https:\/\/secure.gravatar.com\/avatar\/8fb51a00ab0cef6bc7628d6a38bf02be185e6ef58cff45802ddb9c495f9a5bb7?s=96&d=mm&r=g\",\"contentUrl\":\"https:\/\/secure.gravatar.com\/avatar\/8fb51a00ab0cef6bc7628d6a38bf02be185e6ef58cff45802ddb9c495f9a5bb7?s=96&d=mm&r=g\",\"caption\":\"Nicolas Marey\"}}]}<\/script>\n<!-- \/ Yoast SEO plugin. -->","yoast_head_json":{"title":"Les tarifs de l'\u00e9lectricit\u00e9 en Belgique | Aterno","description":"Aterno fait le point sur les diff\u00e9rents tarifs de l'\u00e9lectricit\u00e9 en Belgique et leur particularit\u00e9 : simple tarif, tarif bi-horaire, tarif exclusif nuit.","robots":{"index":"index","follow":"follow","max-snippet":"max-snippet:-1","max-image-preview":"max-image-preview:large","max-video-preview":"max-video-preview:-1"},"canonical":"https:\/\/www.aterno.be\/fr\/dossiers\/les-tarifs-de-l-electricite-en-belgique\/","og_type":"article","og_title":"Les tarifs de l'\u00e9lectricit\u00e9 en Belgique | Aterno","og_description":"Aterno fait le point sur les diff\u00e9rents tarifs de l'\u00e9lectricit\u00e9 en Belgique et leur particularit\u00e9 : simple tarif, tarif bi-horaire, tarif exclusif nuit.","og_url":"https:\/\/www.aterno.be\/fr\/dossiers\/les-tarifs-de-l-electricite-en-belgique\/","og_site_name":"Aterno","article_publisher":"https:\/\/www.facebook.com\/aterno.belgium\/","article_published_time":"2022-04-02T05:49:23+00:00","article_modified_time":"2023-01-06T11:30:18+00:00","og_image":[{"width":870,"height":580,"url":"https:\/\/www.aterno.be\/app\/uploads\/2022\/04\/tarifs-electricite.jpg","type":"image\/jpeg"}],"author":"Nicolas Marey","twitter_card":"summary_large_image","twitter_misc":{"Written by":"Nicolas Marey","Est. reading time":"3 minutes"},"schema":{"@context":"https:\/\/schema.org","@graph":[{"@type":"Article","@id":"https:\/\/www.aterno.be\/fr\/dossiers\/les-tarifs-de-l-electricite-en-belgique\/#article","isPartOf":{"@id":"https:\/\/www.aterno.be\/fr\/dossiers\/les-tarifs-de-l-electricite-en-belgique\/"},"author":{"name":"Nicolas Marey","@id":"https:\/\/www.aterno.be\/nl\/#\/schema\/person\/5ac260c99fb2f286a6b6daa3e4894068"},"headline":"Les tarifs de l&#8217;\u00e9lectricit\u00e9 en Belgique","datePublished":"2022-04-02T05:49:23+00:00","dateModified":"2023-01-06T11:30:18+00:00","mainEntityOfPage":{"@id":"https:\/\/www.aterno.be\/fr\/dossiers\/les-tarifs-de-l-electricite-en-belgique\/"},"wordCount":730,"publisher":{"@id":"https:\/\/www.aterno.be\/nl\/#organization"},"image":{"@id":"https:\/\/www.aterno.be\/fr\/dossiers\/les-tarifs-de-l-electricite-en-belgique\/#primaryimage"},"thumbnailUrl":"https:\/\/www.aterno.be\/app\/uploads\/2022\/04\/tarifs-electricite.jpg","articleSection":["Economies d'\u00e9nergie"],"inLanguage":"fr-BE"},{"@type":"WebPage","@id":"https:\/\/www.aterno.be\/fr\/dossiers\/les-tarifs-de-l-electricite-en-belgique\/","url":"https:\/\/www.aterno.be\/fr\/dossiers\/les-tarifs-de-l-electricite-en-belgique\/","name":"Les tarifs de l'\u00e9lectricit\u00e9 en Belgique | Aterno","isPartOf":{"@id":"https:\/\/www.aterno.be\/nl\/#website"},"primaryImageOfPage":{"@id":"https:\/\/www.aterno.be\/fr\/dossiers\/les-tarifs-de-l-electricite-en-belgique\/#primaryimage"},"image":{"@id":"https:\/\/www.aterno.be\/fr\/dossiers\/les-tarifs-de-l-electricite-en-belgique\/#primaryimage"},"thumbnailUrl":"https:\/\/www.aterno.be\/app\/uploads\/2022\/04\/tarifs-electricite.jpg","datePublished":"2022-04-02T05:49:23+00:00","dateModified":"2023-01-06T11:30:18+00:00","description":"Aterno fait le point sur les diff\u00e9rents tarifs de l'\u00e9lectricit\u00e9 en Belgique et leur particularit\u00e9 : simple tarif, tarif bi-horaire, tarif exclusif nuit.","breadcrumb":{"@id":"https:\/\/www.aterno.be\/fr\/dossiers\/les-tarifs-de-l-electricite-en-belgique\/#breadcrumb"},"inLanguage":"fr-BE","potentialAction":[{"@type":"ReadAction","target":["https:\/\/www.aterno.be\/fr\/dossiers\/les-tarifs-de-l-electricite-en-belgique\/"]}]},{"@type":"ImageObject","inLanguage":"fr-BE","@id":"https:\/\/www.aterno.be\/fr\/dossiers\/les-tarifs-de-l-electricite-en-belgique\/#primaryimage","url":"https:\/\/www.aterno.be\/app\/uploads\/2022\/04\/tarifs-electricite.jpg","contentUrl":"https:\/\/www.aterno.be\/app\/uploads\/2022\/04\/tarifs-electricite.jpg","width":870,"height":580,"caption":"tarifs electricite"},{"@type":"BreadcrumbList","@id":"https:\/\/www.aterno.be\/fr\/dossiers\/les-tarifs-de-l-electricite-en-belgique\/#breadcrumb","itemListElement":[{"@type":"ListItem","position":1,"name":"Home","item":"https:\/\/www.aterno.be\/fr\/"},{"@type":"ListItem","position":2,"name":"Les tarifs de l&#8217;\u00e9lectricit\u00e9 en Belgique"}]},{"@type":"WebSite","@id":"https:\/\/www.aterno.be\/nl\/#website","url":"https:\/\/www.aterno.be\/nl\/","name":"Aterno Belgium","description":"","publisher":{"@id":"https:\/\/www.aterno.be\/nl\/#organization"},"alternateName":"Aterno","potentialAction":[{"@type":"SearchAction","target":{"@type":"EntryPoint","urlTemplate":"https:\/\/www.aterno.be\/nl\/?s={search_term_string}"},"query-input":{"@type":"PropertyValueSpecification","valueRequired":true,"valueName":"search_term_string"}}],"inLanguage":"fr-BE"},{"@type":"Organization","@id":"https:\/\/www.aterno.be\/nl\/#organization","name":"Aterno Belgium","alternateName":"Aterno","url":"https:\/\/www.aterno.be\/nl\/","logo":{"@type":"ImageObject","inLanguage":"fr-BE","@id":"https:\/\/www.aterno.be\/nl\/#\/schema\/logo\/image\/","url":"https:\/\/www.aterno.be\/app\/uploads\/2022\/06\/logo-aterno-2.png","contentUrl":"https:\/\/www.aterno.be\/app\/uploads\/2022\/06\/logo-aterno-2.png","width":246,"height":246,"caption":"Aterno Belgium"},"image":{"@id":"https:\/\/www.aterno.be\/nl\/#\/schema\/logo\/image\/"},"sameAs":["https:\/\/www.facebook.com\/aterno.belgium\/","https:\/\/www.linkedin.com\/company\/aterno\/"]},{"@type":"Person","@id":"https:\/\/www.aterno.be\/nl\/#\/schema\/person\/5ac260c99fb2f286a6b6daa3e4894068","name":"Nicolas Marey","image":{"@type":"ImageObject","inLanguage":"fr-BE","@id":"https:\/\/www.aterno.be\/nl\/#\/schema\/person\/image\/","url":"https:\/\/secure.gravatar.com\/avatar\/8fb51a00ab0cef6bc7628d6a38bf02be185e6ef58cff45802ddb9c495f9a5bb7?s=96&d=mm&r=g","contentUrl":"https:\/\/secure.gravatar.com\/avatar\/8fb51a00ab0cef6bc7628d6a38bf02be185e6ef58cff45802ddb9c495f9a5bb7?s=96&d=mm&r=g","caption":"Nicolas Marey"}}]}},"_links":{"self":[{"href":"https:\/\/www.aterno.be\/fr\/wp-json\/wp\/v2\/posts\/785","targetHints":{"allow":["GET"]}}],"collection":[{"href":"https:\/\/www.aterno.be\/fr\/wp-json\/wp\/v2\/posts"}],"about":[{"href":"https:\/\/www.aterno.be\/fr\/wp-json\/wp\/v2\/types\/post"}],"author":[{"embeddable":true,"href":"https:\/\/www.aterno.be\/fr\/wp-json\/wp\/v2\/users\/2"}],"replies":[{"embeddable":true,"href":"https:\/\/www.aterno.be\/fr\/wp-json\/wp\/v2\/comments?post=785"}],"version-history":[{"count":7,"href":"https:\/\/www.aterno.be\/fr\/wp-json\/wp\/v2\/posts\/785\/revisions"}],"predecessor-version":[{"id":3356,"href":"https:\/\/www.aterno.be\/fr\/wp-json\/wp\/v2\/posts\/785\/revisions\/3356"}],"wp:featuredmedia":[{"embeddable":true,"href":"https:\/\/www.aterno.be\/fr\/wp-json\/wp\/v2\/media\/1609"}],"wp:attachment":[{"href":"https:\/\/www.aterno.be\/fr\/wp-json\/wp\/v2\/media?parent=785"}],"wp:term":[{"taxonomy":"category","embeddable":true,"href":"https:\/\/www.aterno.be\/fr\/wp-json\/wp\/v2\/categories?post=785"},{"taxonomy":"post_tag","embeddable":true,"href":"https:\/\/www.aterno.be\/fr\/wp-json\/wp\/v2\/tags?post=785"}],"curies":[{"name":"wp","href":"https:\/\/api.w.org\/{rel}","templated":true}]}}