{"id":1708,"date":"2022-06-14T16:05:10","date_gmt":"2022-06-14T14:05:10","guid":{"rendered":"https:\/\/www.aterno.be\/fr\/dossiers\/"},"modified":"2024-07-25T16:20:11","modified_gmt":"2024-07-25T14:20:11","slug":"le-chauffage-electrique-est-il-ecologique","status":"publish","type":"post","link":"https:\/\/www.aterno.be\/fr\/dossiers\/le-chauffage-electrique-est-il-ecologique\/","title":{"rendered":"Le chauffage \u00e9lectrique est-il \u00e9cologique\u00a0?"},"content":{"rendered":"<p>De plus en plus de particuliers s&#8217;int\u00e9ressent \u00e0 l&#8217;aspect environnemental au moment de choisir un nouvel \u00e9quipement de chauffage. Soucieux de r\u00e9duire leur impact sur la plan\u00e8te, ils se tournent de plus en plus vers des solutions moins \u00e9nergivores, reconnues pour respecter l&#8217;environnement. Existe-t-il un <strong>chauffage \u00e9lectrique \u00e9cologique<\/strong> permettant de r\u00e9duire votre empreinte environnementale ?<!--more--><\/p>\n<h2>La production d&#8217;\u00e9lectricit\u00e9 verte ne cesse de cro\u00eetre : point important pour le chauffage \u00e9lectrique \u00e9cologique<\/h2>\n<p>Les \u00e9nergies renouvelables repr\u00e9sentent une solution alternative id\u00e9ale pour remplacer et\/ou compl\u00e9ter les \u00e9nergies traditionnelles. Les sources de production sont nombreuses :<\/p>\n<ul>\n<li>Solaire<\/li>\n<li>Eolienne<\/li>\n<li>Hydraulique<\/li>\n<li>G\u00e9othermique<\/li>\n<li>Biomasse<\/li>\n<\/ul>\n<p>Gratuites et in\u00e9puisables, elles contribuent \u00e0 r\u00e9duire les \u00e9missions de\u00a0CO<sub>2<\/sub> dans l&#8217;atmosph\u00e8re. Leur production est encourag\u00e9e par les pouvoirs publics et les professionnels tourn\u00e9s vers le <strong>chauffage \u00e9lectrique \u00e9cologique<\/strong>. Les technologies sont optimis\u00e9es et leur co\u00fbt de production ne cesse de baisser.<\/p>\n<h2>Les particuliers peuvent produire et consommer leur propre \u00e9lectricit\u00e9<\/h2>\n<p>Gr\u00e2ce \u00e0 des panneaux solaires install\u00e9s sur le toit de votre maison ou dans votre jardin, vous pouvez d\u00e9sormais produire et consommer votre propre \u00e9lectricit\u00e9 pour alimenter votre syst\u00e8me de <a href=\"https:\/\/www.aterno.be\/fr\/articles\/5-chauffage-electrique-economique\/index.html\">chauffage \u00e9lectrique \u00e9conomique<\/a>. Soucieuse de vous offrir une solution globale, l&#8217;entreprise Aterno a mis au point un syst\u00e8me innovant : le chauffage \u00e9lectro-solaire. Le fabricant de radiateurs \u00e9lectriques a fait le pari de faire baisser votre facture \u00e9nerg\u00e9tique en vous permettant d&#8217;alimenter vos \u00e9quipements avec l&#8217;\u00e9lectricit\u00e9 que vous produisez et rendre ainsi votre <strong>chauffage \u00e9lectrique \u00e9cologique<\/strong>.<\/p>\n<p>En associant des panneaux solaires avec les radiateurs ultra-basse consommation de la marque, vous faites un geste pour la plan\u00e8te et vous vous assurez des \u00e9conomies suppl\u00e9mentaires. Aterno vous propose une \u00e9tude gratuite compl\u00e8te et si cette solution vous int\u00e9resse, les salari\u00e9s de l&#8217;entreprise s&#8217;occupent de sa mise en \u0153uvre. Tout se fait tr\u00e8s simplement et rapidement.<\/p>\n<p>Pour en savoir plus sur les caract\u00e9ristiques et les possibilit\u00e9s offertes par le <strong>chauffage \u00e9lectrique \u00e9cologique de derni\u00e8re g\u00e9n\u00e9ration<\/strong>, demandez un guide gratuit.<\/p>\n<h3>FAQ sur le chauffage \u00e9lectrique<\/h3>\n<p>Faire des \u00e9conomies tout en \u00e9tant eco-friendly avec le chauffage \u00e9lectrique Aterno :<\/p>\n<ul>\n<li>Un <a title=\"chauffage electrique economique appoint\" href=\"https:\/\/www.aterno.be\/fr\/articles\/5-chauffage-electrique-economique\/120-chauffage-electrique-economique.html\">chauffage d\u2019appoint \u00e9lectrique et \u00e9conomique<\/a>, c\u2019est possible !<\/li>\n<li>Aterno, un syst\u00e8me de <a title=\"chauffage \u00e9lectrique \u00e9conomique et performant\" href=\"https:\/\/www.aterno.be\/fr\/articles\/5-chauffage-electrique-economique\/118-chauffage-electrique-economique.html\">chauffage \u00e9lectrique \u00e9conomique et performant<\/a><\/li>\n<li>Quel syst\u00e8me de <a title=\"chauffage electrique economique pour appartement\" href=\"https:\/\/www.aterno.be\/fr\/articles\/5-chauffage-electrique-economique\/119-chauffage-electrique-economique.html\">chauffage \u00e9lectrique \u00e9conomique choisir pour mon appartement<\/a> ?<\/li>\n<li>Quel est le syst\u00e8me de <a title=\"chauffage economique\" href=\"https:\/\/www.aterno.be\/fr\/articles\/6-chauffage-economique\/index.html\">chauffage le plus \u00e9conomique<\/a> ?<\/li>\n<li>Aterno, des solutions de <a title=\"chauffage economique et ecologique\" href=\"https:\/\/www.aterno.be\/fr\/articles\/6-chauffage-economique\/121-chauffage-economique.html\">chauffage \u00e9conomique et \u00e9cologique<\/a> !<\/li>\n<li>Une solution simple de <a title=\"chauffage interieur economique\" href=\"https:\/\/www.aterno.be\/fr\/articles\/6-chauffage-economique\/122-chauffage-economique.html\">chauffage int\u00e9rieur \u00e9conomique<\/a><\/li>\n<li>Quel syst\u00e8me de <a title=\"chauffage economique pour maison\" href=\"https:\/\/www.aterno.be\/fr\/articles\/6-chauffage-economique\/123-chauffage-economique.html\">chauffage \u00e9conomique choisir pour ma maison<\/a> ?<\/li>\n<li><a title=\"radiateur electrique economique\" href=\"https:\/\/www.aterno.be\/fr\/articles\/15-radiateur-electrique-economique\/index.html\">Radiateur \u00e9lectrique \u00e9conomique<\/a> : faites le bon choix<\/li>\n<li><a title=\"radiateur electrique economique design\" href=\"https:\/\/www.aterno.be\/fr\/articles\/15-radiateur-electrique-economique\/223-radiateur-electrique-economique.html\">Radiateur \u00e9lectrique \u00e9conomique et Design<\/a> : performance et \u00e9l\u00e9gance avec Aterno<\/li>\n<li><a title=\"radiateur electrique economique connecte\" href=\"https:\/\/www.aterno.be\/fr\/articles\/15-radiateur-electrique-economique\/224-radiateur-electrique-economique.html\">Radiateur \u00e9lectrique \u00e9conomique connect\u00e9<\/a> : Ma\u00eetrisez votre confort avec Aterno<\/li>\n<li><a title=\"radiateur electrique economique programmable\" href=\"https:\/\/www.aterno.be\/fr\/articles\/15-radiateur-electrique-economique\/225-radiateur-electrique-economique.html\">Radiateurs \u00e9lectriques \u00e9conomiques et programmables<\/a> : le confort absolu avec Aterno<\/li>\n<li><a title=\"radiateur electrique avec thermostat\" href=\"https:\/\/www.aterno.be\/fr\/articles\/109-radiateur-electrique-avec-thermostat\/index.html\">Radiateur \u00e9lectrique avec thermostat<\/a> : une technologie \u00e0 la pointe de l\u2019innovation<\/li>\n<\/ul>\n<p>Nos articles connexes du blog Aterno :<\/p>\n<ul>\n<li>Pourquoi associer <a title=\"radiateur electrique domotique\" href=\"https:\/\/www.aterno.be\/fr\/dossiers\/pourquoi-associer-radiateur-electrique-et-domotique\/\">radiateur \u00e9lectrique et domotique<\/a> ?<\/li>\n<li><a title=\"chauffage le moins polluant\" href=\"https:\/\/www.aterno.be\/fr\/dossiers\/quel-est-le-chauffage-le-moins-polluant\/\">Quel est le chauffage le moins polluant<\/a> ?<\/li>\n<\/ul>\n","protected":false},"excerpt":{"rendered":"<p>De plus en plus de particuliers s&#8217;int\u00e9ressent \u00e0 l&#8217;aspect environnemental au moment de choisir un [&hellip;]<\/p>\n","protected":false},"author":2,"featured_media":1898,"comment_status":"closed","ping_status":"closed","sticky":false,"template":"","format":"standard","meta":{"_acf_changed":false,"footnotes":""},"categories":[43],"tags":[],"class_list":["post-1708","post","type-post","status-publish","format-standard","has-post-thumbnail","hentry","category-developpement-durable"],"acf":[],"yoast_head":"<!-- This site is optimized with the Yoast SEO plugin v26.9 - https:\/\/yoast.com\/product\/yoast-seo-wordpress\/ -->\n<title>Le chauffage \u00e9lectrique est-il \u00e9cologique\u00a0? | Aterno<\/title>\n<meta name=\"description\" content=\"Le chauffage \u00e9lectrique est-il \u00e9cologique ? D\u00e9couvrez dans quelle mesure il permet de r\u00e9duire votre empreinte sur la plan\u00e8te.\" \/>\n<meta name=\"robots\" content=\"index, follow, max-snippet:-1, max-image-preview:large, max-video-preview:-1\" \/>\n<link rel=\"canonical\" href=\"https:\/\/www.aterno.be\/fr\/dossiers\/le-chauffage-electrique-est-il-ecologique\/\" \/>\n<meta property=\"og:type\" content=\"article\" \/>\n<meta property=\"og:title\" content=\"Le chauffage \u00e9lectrique est-il \u00e9cologique\u00a0? | Aterno\" \/>\n<meta property=\"og:description\" content=\"Le chauffage \u00e9lectrique est-il \u00e9cologique ? D\u00e9couvrez dans quelle mesure il permet de r\u00e9duire votre empreinte sur la plan\u00e8te.\" \/>\n<meta property=\"og:url\" content=\"https:\/\/www.aterno.be\/fr\/dossiers\/le-chauffage-electrique-est-il-ecologique\/\" \/>\n<meta property=\"og:site_name\" content=\"Aterno\" \/>\n<meta property=\"article:publisher\" content=\"https:\/\/www.facebook.com\/aterno.belgium\/\" \/>\n<meta property=\"article:published_time\" content=\"2022-06-14T14:05:10+00:00\" \/>\n<meta property=\"article:modified_time\" content=\"2024-07-25T14:20:11+00:00\" \/>\n<meta property=\"og:image\" content=\"https:\/\/www.aterno.be\/app\/uploads\/2022\/06\/chauffage-electrique-et-ecologie.jpg\" \/>\n\t<meta property=\"og:image:width\" content=\"720\" \/>\n\t<meta property=\"og:image:height\" content=\"712\" \/>\n\t<meta property=\"og:image:type\" content=\"image\/jpeg\" \/>\n<meta name=\"author\" content=\"Nicolas Marey\" \/>\n<meta name=\"twitter:card\" content=\"summary_large_image\" \/>\n<meta name=\"twitter:label1\" content=\"Written by\" \/>\n\t<meta name=\"twitter:data1\" content=\"Nicolas Marey\" \/>\n\t<meta name=\"twitter:label2\" content=\"Est. reading time\" \/>\n\t<meta name=\"twitter:data2\" content=\"3 minutes\" \/>\n<script type=\"application\/ld+json\" class=\"yoast-schema-graph\">{\"@context\":\"https:\/\/schema.org\",\"@graph\":[{\"@type\":\"Article\",\"@id\":\"https:\/\/www.aterno.be\/fr\/dossiers\/le-chauffage-electrique-est-il-ecologique\/#article\",\"isPartOf\":{\"@id\":\"https:\/\/www.aterno.be\/fr\/dossiers\/le-chauffage-electrique-est-il-ecologique\/\"},\"author\":{\"name\":\"Nicolas Marey\",\"@id\":\"https:\/\/www.aterno.be\/nl\/#\/schema\/person\/5ac260c99fb2f286a6b6daa3e4894068\"},\"headline\":\"Le chauffage \u00e9lectrique est-il \u00e9cologique\u00a0?\",\"datePublished\":\"2022-06-14T14:05:10+00:00\",\"dateModified\":\"2024-07-25T14:20:11+00:00\",\"mainEntityOfPage\":{\"@id\":\"https:\/\/www.aterno.be\/fr\/dossiers\/le-chauffage-electrique-est-il-ecologique\/\"},\"wordCount\":510,\"publisher\":{\"@id\":\"https:\/\/www.aterno.be\/nl\/#organization\"},\"image\":{\"@id\":\"https:\/\/www.aterno.be\/fr\/dossiers\/le-chauffage-electrique-est-il-ecologique\/#primaryimage\"},\"thumbnailUrl\":\"https:\/\/www.aterno.be\/app\/uploads\/2022\/06\/chauffage-electrique-et-ecologie.jpg\",\"articleSection\":[\"D\u00e9veloppement durable\"],\"inLanguage\":\"fr-BE\"},{\"@type\":\"WebPage\",\"@id\":\"https:\/\/www.aterno.be\/fr\/dossiers\/le-chauffage-electrique-est-il-ecologique\/\",\"url\":\"https:\/\/www.aterno.be\/fr\/dossiers\/le-chauffage-electrique-est-il-ecologique\/\",\"name\":\"Le chauffage \u00e9lectrique est-il \u00e9cologique\u00a0? | Aterno\",\"isPartOf\":{\"@id\":\"https:\/\/www.aterno.be\/nl\/#website\"},\"primaryImageOfPage\":{\"@id\":\"https:\/\/www.aterno.be\/fr\/dossiers\/le-chauffage-electrique-est-il-ecologique\/#primaryimage\"},\"image\":{\"@id\":\"https:\/\/www.aterno.be\/fr\/dossiers\/le-chauffage-electrique-est-il-ecologique\/#primaryimage\"},\"thumbnailUrl\":\"https:\/\/www.aterno.be\/app\/uploads\/2022\/06\/chauffage-electrique-et-ecologie.jpg\",\"datePublished\":\"2022-06-14T14:05:10+00:00\",\"dateModified\":\"2024-07-25T14:20:11+00:00\",\"description\":\"Le chauffage \u00e9lectrique est-il \u00e9cologique ? D\u00e9couvrez dans quelle mesure il permet de r\u00e9duire votre empreinte sur la plan\u00e8te.\",\"breadcrumb\":{\"@id\":\"https:\/\/www.aterno.be\/fr\/dossiers\/le-chauffage-electrique-est-il-ecologique\/#breadcrumb\"},\"inLanguage\":\"fr-BE\",\"potentialAction\":[{\"@type\":\"ReadAction\",\"target\":[\"https:\/\/www.aterno.be\/fr\/dossiers\/le-chauffage-electrique-est-il-ecologique\/\"]}]},{\"@type\":\"ImageObject\",\"inLanguage\":\"fr-BE\",\"@id\":\"https:\/\/www.aterno.be\/fr\/dossiers\/le-chauffage-electrique-est-il-ecologique\/#primaryimage\",\"url\":\"https:\/\/www.aterno.be\/app\/uploads\/2022\/06\/chauffage-electrique-et-ecologie.jpg\",\"contentUrl\":\"https:\/\/www.aterno.be\/app\/uploads\/2022\/06\/chauffage-electrique-et-ecologie.jpg\",\"width\":720,\"height\":712,\"caption\":\"chauffage electrique aterno\"},{\"@type\":\"BreadcrumbList\",\"@id\":\"https:\/\/www.aterno.be\/fr\/dossiers\/le-chauffage-electrique-est-il-ecologique\/#breadcrumb\",\"itemListElement\":[{\"@type\":\"ListItem\",\"position\":1,\"name\":\"Home\",\"item\":\"https:\/\/www.aterno.be\/fr\/\"},{\"@type\":\"ListItem\",\"position\":2,\"name\":\"Le chauffage \u00e9lectrique est-il \u00e9cologique\u00a0?\"}]},{\"@type\":\"WebSite\",\"@id\":\"https:\/\/www.aterno.be\/nl\/#website\",\"url\":\"https:\/\/www.aterno.be\/nl\/\",\"name\":\"Aterno Belgium\",\"description\":\"\",\"publisher\":{\"@id\":\"https:\/\/www.aterno.be\/nl\/#organization\"},\"alternateName\":\"Aterno\",\"potentialAction\":[{\"@type\":\"SearchAction\",\"target\":{\"@type\":\"EntryPoint\",\"urlTemplate\":\"https:\/\/www.aterno.be\/nl\/?s={search_term_string}\"},\"query-input\":{\"@type\":\"PropertyValueSpecification\",\"valueRequired\":true,\"valueName\":\"search_term_string\"}}],\"inLanguage\":\"fr-BE\"},{\"@type\":\"Organization\",\"@id\":\"https:\/\/www.aterno.be\/nl\/#organization\",\"name\":\"Aterno Belgium\",\"alternateName\":\"Aterno\",\"url\":\"https:\/\/www.aterno.be\/nl\/\",\"logo\":{\"@type\":\"ImageObject\",\"inLanguage\":\"fr-BE\",\"@id\":\"https:\/\/www.aterno.be\/nl\/#\/schema\/logo\/image\/\",\"url\":\"https:\/\/www.aterno.be\/app\/uploads\/2022\/06\/logo-aterno-2.png\",\"contentUrl\":\"https:\/\/www.aterno.be\/app\/uploads\/2022\/06\/logo-aterno-2.png\",\"width\":246,\"height\":246,\"caption\":\"Aterno Belgium\"},\"image\":{\"@id\":\"https:\/\/www.aterno.be\/nl\/#\/schema\/logo\/image\/\"},\"sameAs\":[\"https:\/\/www.facebook.com\/aterno.belgium\/\",\"https:\/\/www.linkedin.com\/company\/aterno\/\"]},{\"@type\":\"Person\",\"@id\":\"https:\/\/www.aterno.be\/nl\/#\/schema\/person\/5ac260c99fb2f286a6b6daa3e4894068\",\"name\":\"Nicolas Marey\",\"image\":{\"@type\":\"ImageObject\",\"inLanguage\":\"fr-BE\",\"@id\":\"https:\/\/www.aterno.be\/nl\/#\/schema\/person\/image\/\",\"url\":\"https:\/\/secure.gravatar.com\/avatar\/8fb51a00ab0cef6bc7628d6a38bf02be185e6ef58cff45802ddb9c495f9a5bb7?s=96&d=mm&r=g\",\"contentUrl\":\"https:\/\/secure.gravatar.com\/avatar\/8fb51a00ab0cef6bc7628d6a38bf02be185e6ef58cff45802ddb9c495f9a5bb7?s=96&d=mm&r=g\",\"caption\":\"Nicolas Marey\"}}]}<\/script>\n<!-- \/ Yoast SEO plugin. -->","yoast_head_json":{"title":"Le chauffage \u00e9lectrique est-il \u00e9cologique\u00a0? | Aterno","description":"Le chauffage \u00e9lectrique est-il \u00e9cologique ? D\u00e9couvrez dans quelle mesure il permet de r\u00e9duire votre empreinte sur la plan\u00e8te.","robots":{"index":"index","follow":"follow","max-snippet":"max-snippet:-1","max-image-preview":"max-image-preview:large","max-video-preview":"max-video-preview:-1"},"canonical":"https:\/\/www.aterno.be\/fr\/dossiers\/le-chauffage-electrique-est-il-ecologique\/","og_type":"article","og_title":"Le chauffage \u00e9lectrique est-il \u00e9cologique\u00a0? | Aterno","og_description":"Le chauffage \u00e9lectrique est-il \u00e9cologique ? D\u00e9couvrez dans quelle mesure il permet de r\u00e9duire votre empreinte sur la plan\u00e8te.","og_url":"https:\/\/www.aterno.be\/fr\/dossiers\/le-chauffage-electrique-est-il-ecologique\/","og_site_name":"Aterno","article_publisher":"https:\/\/www.facebook.com\/aterno.belgium\/","article_published_time":"2022-06-14T14:05:10+00:00","article_modified_time":"2024-07-25T14:20:11+00:00","og_image":[{"width":720,"height":712,"url":"https:\/\/www.aterno.be\/app\/uploads\/2022\/06\/chauffage-electrique-et-ecologie.jpg","type":"image\/jpeg"}],"author":"Nicolas Marey","twitter_card":"summary_large_image","twitter_misc":{"Written by":"Nicolas Marey","Est. reading time":"3 minutes"},"schema":{"@context":"https:\/\/schema.org","@graph":[{"@type":"Article","@id":"https:\/\/www.aterno.be\/fr\/dossiers\/le-chauffage-electrique-est-il-ecologique\/#article","isPartOf":{"@id":"https:\/\/www.aterno.be\/fr\/dossiers\/le-chauffage-electrique-est-il-ecologique\/"},"author":{"name":"Nicolas Marey","@id":"https:\/\/www.aterno.be\/nl\/#\/schema\/person\/5ac260c99fb2f286a6b6daa3e4894068"},"headline":"Le chauffage \u00e9lectrique est-il \u00e9cologique\u00a0?","datePublished":"2022-06-14T14:05:10+00:00","dateModified":"2024-07-25T14:20:11+00:00","mainEntityOfPage":{"@id":"https:\/\/www.aterno.be\/fr\/dossiers\/le-chauffage-electrique-est-il-ecologique\/"},"wordCount":510,"publisher":{"@id":"https:\/\/www.aterno.be\/nl\/#organization"},"image":{"@id":"https:\/\/www.aterno.be\/fr\/dossiers\/le-chauffage-electrique-est-il-ecologique\/#primaryimage"},"thumbnailUrl":"https:\/\/www.aterno.be\/app\/uploads\/2022\/06\/chauffage-electrique-et-ecologie.jpg","articleSection":["D\u00e9veloppement durable"],"inLanguage":"fr-BE"},{"@type":"WebPage","@id":"https:\/\/www.aterno.be\/fr\/dossiers\/le-chauffage-electrique-est-il-ecologique\/","url":"https:\/\/www.aterno.be\/fr\/dossiers\/le-chauffage-electrique-est-il-ecologique\/","name":"Le chauffage \u00e9lectrique est-il \u00e9cologique\u00a0? | Aterno","isPartOf":{"@id":"https:\/\/www.aterno.be\/nl\/#website"},"primaryImageOfPage":{"@id":"https:\/\/www.aterno.be\/fr\/dossiers\/le-chauffage-electrique-est-il-ecologique\/#primaryimage"},"image":{"@id":"https:\/\/www.aterno.be\/fr\/dossiers\/le-chauffage-electrique-est-il-ecologique\/#primaryimage"},"thumbnailUrl":"https:\/\/www.aterno.be\/app\/uploads\/2022\/06\/chauffage-electrique-et-ecologie.jpg","datePublished":"2022-06-14T14:05:10+00:00","dateModified":"2024-07-25T14:20:11+00:00","description":"Le chauffage \u00e9lectrique est-il \u00e9cologique ? D\u00e9couvrez dans quelle mesure il permet de r\u00e9duire votre empreinte sur la plan\u00e8te.","breadcrumb":{"@id":"https:\/\/www.aterno.be\/fr\/dossiers\/le-chauffage-electrique-est-il-ecologique\/#breadcrumb"},"inLanguage":"fr-BE","potentialAction":[{"@type":"ReadAction","target":["https:\/\/www.aterno.be\/fr\/dossiers\/le-chauffage-electrique-est-il-ecologique\/"]}]},{"@type":"ImageObject","inLanguage":"fr-BE","@id":"https:\/\/www.aterno.be\/fr\/dossiers\/le-chauffage-electrique-est-il-ecologique\/#primaryimage","url":"https:\/\/www.aterno.be\/app\/uploads\/2022\/06\/chauffage-electrique-et-ecologie.jpg","contentUrl":"https:\/\/www.aterno.be\/app\/uploads\/2022\/06\/chauffage-electrique-et-ecologie.jpg","width":720,"height":712,"caption":"chauffage electrique aterno"},{"@type":"BreadcrumbList","@id":"https:\/\/www.aterno.be\/fr\/dossiers\/le-chauffage-electrique-est-il-ecologique\/#breadcrumb","itemListElement":[{"@type":"ListItem","position":1,"name":"Home","item":"https:\/\/www.aterno.be\/fr\/"},{"@type":"ListItem","position":2,"name":"Le chauffage \u00e9lectrique est-il \u00e9cologique\u00a0?"}]},{"@type":"WebSite","@id":"https:\/\/www.aterno.be\/nl\/#website","url":"https:\/\/www.aterno.be\/nl\/","name":"Aterno Belgium","description":"","publisher":{"@id":"https:\/\/www.aterno.be\/nl\/#organization"},"alternateName":"Aterno","potentialAction":[{"@type":"SearchAction","target":{"@type":"EntryPoint","urlTemplate":"https:\/\/www.aterno.be\/nl\/?s={search_term_string}"},"query-input":{"@type":"PropertyValueSpecification","valueRequired":true,"valueName":"search_term_string"}}],"inLanguage":"fr-BE"},{"@type":"Organization","@id":"https:\/\/www.aterno.be\/nl\/#organization","name":"Aterno Belgium","alternateName":"Aterno","url":"https:\/\/www.aterno.be\/nl\/","logo":{"@type":"ImageObject","inLanguage":"fr-BE","@id":"https:\/\/www.aterno.be\/nl\/#\/schema\/logo\/image\/","url":"https:\/\/www.aterno.be\/app\/uploads\/2022\/06\/logo-aterno-2.png","contentUrl":"https:\/\/www.aterno.be\/app\/uploads\/2022\/06\/logo-aterno-2.png","width":246,"height":246,"caption":"Aterno Belgium"},"image":{"@id":"https:\/\/www.aterno.be\/nl\/#\/schema\/logo\/image\/"},"sameAs":["https:\/\/www.facebook.com\/aterno.belgium\/","https:\/\/www.linkedin.com\/company\/aterno\/"]},{"@type":"Person","@id":"https:\/\/www.aterno.be\/nl\/#\/schema\/person\/5ac260c99fb2f286a6b6daa3e4894068","name":"Nicolas Marey","image":{"@type":"ImageObject","inLanguage":"fr-BE","@id":"https:\/\/www.aterno.be\/nl\/#\/schema\/person\/image\/","url":"https:\/\/secure.gravatar.com\/avatar\/8fb51a00ab0cef6bc7628d6a38bf02be185e6ef58cff45802ddb9c495f9a5bb7?s=96&d=mm&r=g","contentUrl":"https:\/\/secure.gravatar.com\/avatar\/8fb51a00ab0cef6bc7628d6a38bf02be185e6ef58cff45802ddb9c495f9a5bb7?s=96&d=mm&r=g","caption":"Nicolas Marey"}}]}},"_links":{"self":[{"href":"https:\/\/www.aterno.be\/fr\/wp-json\/wp\/v2\/posts\/1708","targetHints":{"allow":["GET"]}}],"collection":[{"href":"https:\/\/www.aterno.be\/fr\/wp-json\/wp\/v2\/posts"}],"about":[{"href":"https:\/\/www.aterno.be\/fr\/wp-json\/wp\/v2\/types\/post"}],"author":[{"embeddable":true,"href":"https:\/\/www.aterno.be\/fr\/wp-json\/wp\/v2\/users\/2"}],"replies":[{"embeddable":true,"href":"https:\/\/www.aterno.be\/fr\/wp-json\/wp\/v2\/comments?post=1708"}],"version-history":[{"count":8,"href":"https:\/\/www.aterno.be\/fr\/wp-json\/wp\/v2\/posts\/1708\/revisions"}],"predecessor-version":[{"id":3899,"href":"https:\/\/www.aterno.be\/fr\/wp-json\/wp\/v2\/posts\/1708\/revisions\/3899"}],"wp:featuredmedia":[{"embeddable":true,"href":"https:\/\/www.aterno.be\/fr\/wp-json\/wp\/v2\/media\/1898"}],"wp:attachment":[{"href":"https:\/\/www.aterno.be\/fr\/wp-json\/wp\/v2\/media?parent=1708"}],"wp:term":[{"taxonomy":"category","embeddable":true,"href":"https:\/\/www.aterno.be\/fr\/wp-json\/wp\/v2\/categories?post=1708"},{"taxonomy":"post_tag","embeddable":true,"href":"https:\/\/www.aterno.be\/fr\/wp-json\/wp\/v2\/tags?post=1708"}],"curies":[{"name":"wp","href":"https:\/\/api.w.org\/{rel}","templated":true}]}}