{"id":1696,"date":"2022-06-14T15:29:05","date_gmt":"2022-06-14T13:29:05","guid":{"rendered":"https:\/\/www.aterno.be\/fr\/dossiers\/"},"modified":"2023-01-12T14:49:38","modified_gmt":"2023-01-12T13:49:38","slug":"6-raisons-de-ne-pas-choisir-un-convecteur-electrique","status":"publish","type":"post","link":"https:\/\/www.aterno.be\/fr\/dossiers\/6-raisons-de-ne-pas-choisir-un-convecteur-electrique\/","title":{"rendered":"6 raisons de ne pas choisir un convecteur \u00e9lectrique"},"content":{"rendered":"<p>Parmi les diff\u00e9rents \u00e9quipements de chauffage \u00e9lectrique disponibles sur le march\u00e9, vous avez sans doute entendu parler du <a title=\"convecteur electrique\" href=\"https:\/\/www.aterno.be\/fr\/articles\/44-convecteur-electrique\/index.html\">convecteur \u00e9lectrique<\/a>. Vous \u00eates peut-\u00eatre tent\u00e9 par son prix abordable et sa facilit\u00e9 d&#8217;installation et d&#8217;utilisation. Mais ce type d&#8217;appareil pr\u00e9sente de nombreux inconv\u00e9nients.<!--more--><\/p>\n<h2>1. Le convecteur \u00e9lectrique est trop \u00e9nergivore<\/h2>\n<p>Le mode de fonctionnement du <strong>convecteur \u00e9lectrique<\/strong> repose uniquement sur la convection. L&#8217;air est aspir\u00e9, chauff\u00e9 par une r\u00e9sistance \u00e9lectrique et diffus\u00e9 dans la pi\u00e8ce. D\u00e8s que vous \u00e9teignez votre appareil, la temp\u00e9rature chute imm\u00e9diatement. Il doit fonctionner en continu si vous souhaitez avoir chaud chez vous, ce qui entra\u00eene une surconsommation \u00e9nerg\u00e9tique et une hausse de votre facture d&#8217;\u00e9nergie.<\/p>\n<h2>2. Le convecteur \u00e9lectrique ne permet pas d&#8217;acc\u00e9der au confort<\/h2>\n<p>Les utilisateurs de <strong>convecteurs \u00e9lectriques<\/strong> se plaignent souvent d&#8217;avoir trop chaud ou trop froid. Avec ce type d&#8217;\u00e9quipement, la chaleur n&#8217;est pas r\u00e9partie de mani\u00e8re homog\u00e8ne dans la pi\u00e8ce. L&#8217;appareil chauffe par \u00e0-coups. L&#8217;air chaud ayant tendance \u00e0 monter, vous vous retrouvez rapidement avec les pieds froids et une sensation de courant d&#8217;air d\u00e9sagr\u00e9able en fonction de l&#8217;endroit de la pi\u00e8ce dans lequel vous vous trouvez.<\/p>\n<h2>3. Le convecteur ne dispose pas de syst\u00e8me de r\u00e9gulation pr\u00e9cis<\/h2>\n<p>Vous souhaitez r\u00e9gler la temp\u00e9rature de votre salon \u00e0 21 \u00b0C ? Avec un <strong>convecteur \u00e9lectrique<\/strong>, c&#8217;est impossible. Il dispose d&#8217;un syst\u00e8me de r\u00e9gulation \u00e9l\u00e9mentaire constitu\u00e9 d&#8217;une roulette gradu\u00e9e de 0 \u00e0 5. Vous pouvez augmenter son rythme de chauffe mais en aucun cas choisir une temp\u00e9rature pr\u00e9cise. Contrairement au radiateur \u00e0 inertie, il n&#8217;est pas programmable : vous devez augmenter le rythme de chauffe de vos radiateurs un \u00e0 un lorsque vous rentrez chez vous et l&#8217;abaisser lorsque vous vous absentez.<\/p>\n<h2>4. Le convecteur \u00e9lectrique ass\u00e8che l&#8217;air<\/h2>\n<p>Ce n&#8217;est pas l&#8217;\u00e9quipement id\u00e9al pour am\u00e9liorer la qualit\u00e9 de l&#8217;air \u00e0 l&#8217;int\u00e9rieur de votre habitation. Il soul\u00e8ve la poussi\u00e8re et est d\u00e9conseill\u00e9 aux personnes souffrant de probl\u00e8mes respiratoires. Dans une chambre d&#8217;enfant, il peut causer des irritations des yeux et de la gorge.<\/p>\n<h2>5. Le convecteur est salissant<\/h2>\n<p>Les murs sont souvent noircis autour des <strong>convecteurs \u00e9lectriques<\/strong>. La poussi\u00e8re br\u00fbl\u00e9e qui sort des radiateurs s&#8217;accumule sur les parois de votre habitation. Ce ph\u00e9nom\u00e8ne est accentu\u00e9 lorsque les appareils sont mal dimensionn\u00e9s, ce qui est fr\u00e9quent avec les convecteurs.<\/p>\n<h2>6. Le convecteur \u00e9lectrique ne convient pas dans toutes les situations<\/h2>\n<p>Si le radiateur \u00e0 inertie s&#8217;adapte \u00e0 toutes les pi\u00e8ces, comme chauffage principal ou \u00e9quipement d&#8217;appoint, ce n&#8217;est pas le cas du <strong>convecteur \u00e9lectrique<\/strong>. Ses dimensions et les puissances disponibles ne conviennent pas \u00e0 toutes les configurations et \u00e0 toutes les surfaces. Les sp\u00e9cialistes en \u00e9conomies d&#8217;\u00e9nergie souhaitent le voir dispara\u00eetre au profit d&#8217;\u00e9quipements beaucoup plus performants.<\/p>\n<p>Si vous \u00eates \u00e0 la recherche d&#8217;un syst\u00e8me de chauffage sain, efficace et \u00e9conomique, investissez dans des radiateurs \u00e0 inertie. Pour en savoir plus, demandez un guide gratuit.<\/p>\n","protected":false},"excerpt":{"rendered":"<p>Parmi les diff\u00e9rents \u00e9quipements de chauffage \u00e9lectrique disponibles sur le march\u00e9, vous avez sans doute [&hellip;]<\/p>\n","protected":false},"author":2,"featured_media":1936,"comment_status":"closed","ping_status":"closed","sticky":false,"template":"","format":"standard","meta":{"_acf_changed":false,"footnotes":""},"categories":[7],"tags":[],"class_list":["post-1696","post","type-post","status-publish","format-standard","has-post-thumbnail","hentry","category-confort"],"acf":[],"yoast_head":"<!-- This site is optimized with the Yoast SEO plugin v26.9 - https:\/\/yoast.com\/product\/yoast-seo-wordpress\/ -->\n<title>6 raisons de ne pas choisir un convecteur \u00e9lectrique | Aterno<\/title>\n<meta name=\"description\" content=\"Qu&#039;est-ce qui caract\u00e9rise le convecteur \u00e9lectrique ? Trop \u00e9nergivore, peu fiable, salissant : d\u00e9couvrez pourquoi ne pas investir dans un tel \u00e9quipement.\" \/>\n<meta name=\"robots\" content=\"index, follow, max-snippet:-1, max-image-preview:large, max-video-preview:-1\" \/>\n<link rel=\"canonical\" href=\"https:\/\/www.aterno.be\/fr\/dossiers\/6-raisons-de-ne-pas-choisir-un-convecteur-electrique\/\" \/>\n<meta property=\"og:type\" content=\"article\" \/>\n<meta property=\"og:title\" content=\"6 raisons de ne pas choisir un convecteur \u00e9lectrique | Aterno\" \/>\n<meta property=\"og:description\" content=\"Qu&#039;est-ce qui caract\u00e9rise le convecteur \u00e9lectrique ? Trop \u00e9nergivore, peu fiable, salissant : d\u00e9couvrez pourquoi ne pas investir dans un tel \u00e9quipement.\" \/>\n<meta property=\"og:url\" content=\"https:\/\/www.aterno.be\/fr\/dossiers\/6-raisons-de-ne-pas-choisir-un-convecteur-electrique\/\" \/>\n<meta property=\"og:site_name\" content=\"Aterno\" \/>\n<meta property=\"article:publisher\" content=\"https:\/\/www.facebook.com\/aterno.belgium\/\" \/>\n<meta property=\"article:published_time\" content=\"2022-06-14T13:29:05+00:00\" \/>\n<meta property=\"article:modified_time\" content=\"2023-01-12T13:49:38+00:00\" \/>\n<meta property=\"og:image\" content=\"https:\/\/www.aterno.be\/app\/uploads\/2022\/06\/diffusion-chaleur-convecteur.jpg\" \/>\n\t<meta property=\"og:image:width\" content=\"720\" \/>\n\t<meta property=\"og:image:height\" content=\"644\" \/>\n\t<meta property=\"og:image:type\" content=\"image\/jpeg\" \/>\n<meta name=\"author\" content=\"Nicolas Marey\" \/>\n<meta name=\"twitter:card\" content=\"summary_large_image\" \/>\n<meta name=\"twitter:label1\" content=\"Written by\" \/>\n\t<meta name=\"twitter:data1\" content=\"Nicolas Marey\" \/>\n\t<meta name=\"twitter:label2\" content=\"Est. reading time\" \/>\n\t<meta name=\"twitter:data2\" content=\"3 minutes\" \/>\n<script type=\"application\/ld+json\" class=\"yoast-schema-graph\">{\"@context\":\"https:\/\/schema.org\",\"@graph\":[{\"@type\":\"Article\",\"@id\":\"https:\/\/www.aterno.be\/fr\/dossiers\/6-raisons-de-ne-pas-choisir-un-convecteur-electrique\/#article\",\"isPartOf\":{\"@id\":\"https:\/\/www.aterno.be\/fr\/dossiers\/6-raisons-de-ne-pas-choisir-un-convecteur-electrique\/\"},\"author\":{\"name\":\"Nicolas Marey\",\"@id\":\"https:\/\/www.aterno.be\/nl\/#\/schema\/person\/5ac260c99fb2f286a6b6daa3e4894068\"},\"headline\":\"6 raisons de ne pas choisir un convecteur \u00e9lectrique\",\"datePublished\":\"2022-06-14T13:29:05+00:00\",\"dateModified\":\"2023-01-12T13:49:38+00:00\",\"mainEntityOfPage\":{\"@id\":\"https:\/\/www.aterno.be\/fr\/dossiers\/6-raisons-de-ne-pas-choisir-un-convecteur-electrique\/\"},\"wordCount\":534,\"publisher\":{\"@id\":\"https:\/\/www.aterno.be\/nl\/#organization\"},\"image\":{\"@id\":\"https:\/\/www.aterno.be\/fr\/dossiers\/6-raisons-de-ne-pas-choisir-un-convecteur-electrique\/#primaryimage\"},\"thumbnailUrl\":\"https:\/\/www.aterno.be\/app\/uploads\/2022\/06\/diffusion-chaleur-convecteur.jpg\",\"articleSection\":[\"Confort\"],\"inLanguage\":\"fr-BE\"},{\"@type\":\"WebPage\",\"@id\":\"https:\/\/www.aterno.be\/fr\/dossiers\/6-raisons-de-ne-pas-choisir-un-convecteur-electrique\/\",\"url\":\"https:\/\/www.aterno.be\/fr\/dossiers\/6-raisons-de-ne-pas-choisir-un-convecteur-electrique\/\",\"name\":\"6 raisons de ne pas choisir un convecteur \u00e9lectrique | Aterno\",\"isPartOf\":{\"@id\":\"https:\/\/www.aterno.be\/nl\/#website\"},\"primaryImageOfPage\":{\"@id\":\"https:\/\/www.aterno.be\/fr\/dossiers\/6-raisons-de-ne-pas-choisir-un-convecteur-electrique\/#primaryimage\"},\"image\":{\"@id\":\"https:\/\/www.aterno.be\/fr\/dossiers\/6-raisons-de-ne-pas-choisir-un-convecteur-electrique\/#primaryimage\"},\"thumbnailUrl\":\"https:\/\/www.aterno.be\/app\/uploads\/2022\/06\/diffusion-chaleur-convecteur.jpg\",\"datePublished\":\"2022-06-14T13:29:05+00:00\",\"dateModified\":\"2023-01-12T13:49:38+00:00\",\"description\":\"Qu'est-ce qui caract\u00e9rise le convecteur \u00e9lectrique ? Trop \u00e9nergivore, peu fiable, salissant : d\u00e9couvrez pourquoi ne pas investir dans un tel \u00e9quipement.\",\"breadcrumb\":{\"@id\":\"https:\/\/www.aterno.be\/fr\/dossiers\/6-raisons-de-ne-pas-choisir-un-convecteur-electrique\/#breadcrumb\"},\"inLanguage\":\"fr-BE\",\"potentialAction\":[{\"@type\":\"ReadAction\",\"target\":[\"https:\/\/www.aterno.be\/fr\/dossiers\/6-raisons-de-ne-pas-choisir-un-convecteur-electrique\/\"]}]},{\"@type\":\"ImageObject\",\"inLanguage\":\"fr-BE\",\"@id\":\"https:\/\/www.aterno.be\/fr\/dossiers\/6-raisons-de-ne-pas-choisir-un-convecteur-electrique\/#primaryimage\",\"url\":\"https:\/\/www.aterno.be\/app\/uploads\/2022\/06\/diffusion-chaleur-convecteur.jpg\",\"contentUrl\":\"https:\/\/www.aterno.be\/app\/uploads\/2022\/06\/diffusion-chaleur-convecteur.jpg\",\"width\":720,\"height\":644,\"caption\":\"diffusion de la chaleur par un convecteur \u00e9lectrique\"},{\"@type\":\"BreadcrumbList\",\"@id\":\"https:\/\/www.aterno.be\/fr\/dossiers\/6-raisons-de-ne-pas-choisir-un-convecteur-electrique\/#breadcrumb\",\"itemListElement\":[{\"@type\":\"ListItem\",\"position\":1,\"name\":\"Home\",\"item\":\"https:\/\/www.aterno.be\/fr\/\"},{\"@type\":\"ListItem\",\"position\":2,\"name\":\"6 raisons de ne pas choisir un convecteur \u00e9lectrique\"}]},{\"@type\":\"WebSite\",\"@id\":\"https:\/\/www.aterno.be\/nl\/#website\",\"url\":\"https:\/\/www.aterno.be\/nl\/\",\"name\":\"Aterno Belgium\",\"description\":\"\",\"publisher\":{\"@id\":\"https:\/\/www.aterno.be\/nl\/#organization\"},\"alternateName\":\"Aterno\",\"potentialAction\":[{\"@type\":\"SearchAction\",\"target\":{\"@type\":\"EntryPoint\",\"urlTemplate\":\"https:\/\/www.aterno.be\/nl\/?s={search_term_string}\"},\"query-input\":{\"@type\":\"PropertyValueSpecification\",\"valueRequired\":true,\"valueName\":\"search_term_string\"}}],\"inLanguage\":\"fr-BE\"},{\"@type\":\"Organization\",\"@id\":\"https:\/\/www.aterno.be\/nl\/#organization\",\"name\":\"Aterno Belgium\",\"alternateName\":\"Aterno\",\"url\":\"https:\/\/www.aterno.be\/nl\/\",\"logo\":{\"@type\":\"ImageObject\",\"inLanguage\":\"fr-BE\",\"@id\":\"https:\/\/www.aterno.be\/nl\/#\/schema\/logo\/image\/\",\"url\":\"https:\/\/www.aterno.be\/app\/uploads\/2022\/06\/logo-aterno-2.png\",\"contentUrl\":\"https:\/\/www.aterno.be\/app\/uploads\/2022\/06\/logo-aterno-2.png\",\"width\":246,\"height\":246,\"caption\":\"Aterno Belgium\"},\"image\":{\"@id\":\"https:\/\/www.aterno.be\/nl\/#\/schema\/logo\/image\/\"},\"sameAs\":[\"https:\/\/www.facebook.com\/aterno.belgium\/\",\"https:\/\/www.linkedin.com\/company\/aterno\/\"]},{\"@type\":\"Person\",\"@id\":\"https:\/\/www.aterno.be\/nl\/#\/schema\/person\/5ac260c99fb2f286a6b6daa3e4894068\",\"name\":\"Nicolas Marey\",\"image\":{\"@type\":\"ImageObject\",\"inLanguage\":\"fr-BE\",\"@id\":\"https:\/\/www.aterno.be\/nl\/#\/schema\/person\/image\/\",\"url\":\"https:\/\/secure.gravatar.com\/avatar\/8fb51a00ab0cef6bc7628d6a38bf02be185e6ef58cff45802ddb9c495f9a5bb7?s=96&d=mm&r=g\",\"contentUrl\":\"https:\/\/secure.gravatar.com\/avatar\/8fb51a00ab0cef6bc7628d6a38bf02be185e6ef58cff45802ddb9c495f9a5bb7?s=96&d=mm&r=g\",\"caption\":\"Nicolas Marey\"}}]}<\/script>\n<!-- \/ Yoast SEO plugin. -->","yoast_head_json":{"title":"6 raisons de ne pas choisir un convecteur \u00e9lectrique | Aterno","description":"Qu'est-ce qui caract\u00e9rise le convecteur \u00e9lectrique ? Trop \u00e9nergivore, peu fiable, salissant : d\u00e9couvrez pourquoi ne pas investir dans un tel \u00e9quipement.","robots":{"index":"index","follow":"follow","max-snippet":"max-snippet:-1","max-image-preview":"max-image-preview:large","max-video-preview":"max-video-preview:-1"},"canonical":"https:\/\/www.aterno.be\/fr\/dossiers\/6-raisons-de-ne-pas-choisir-un-convecteur-electrique\/","og_type":"article","og_title":"6 raisons de ne pas choisir un convecteur \u00e9lectrique | Aterno","og_description":"Qu'est-ce qui caract\u00e9rise le convecteur \u00e9lectrique ? Trop \u00e9nergivore, peu fiable, salissant : d\u00e9couvrez pourquoi ne pas investir dans un tel \u00e9quipement.","og_url":"https:\/\/www.aterno.be\/fr\/dossiers\/6-raisons-de-ne-pas-choisir-un-convecteur-electrique\/","og_site_name":"Aterno","article_publisher":"https:\/\/www.facebook.com\/aterno.belgium\/","article_published_time":"2022-06-14T13:29:05+00:00","article_modified_time":"2023-01-12T13:49:38+00:00","og_image":[{"width":720,"height":644,"url":"https:\/\/www.aterno.be\/app\/uploads\/2022\/06\/diffusion-chaleur-convecteur.jpg","type":"image\/jpeg"}],"author":"Nicolas Marey","twitter_card":"summary_large_image","twitter_misc":{"Written by":"Nicolas Marey","Est. reading time":"3 minutes"},"schema":{"@context":"https:\/\/schema.org","@graph":[{"@type":"Article","@id":"https:\/\/www.aterno.be\/fr\/dossiers\/6-raisons-de-ne-pas-choisir-un-convecteur-electrique\/#article","isPartOf":{"@id":"https:\/\/www.aterno.be\/fr\/dossiers\/6-raisons-de-ne-pas-choisir-un-convecteur-electrique\/"},"author":{"name":"Nicolas Marey","@id":"https:\/\/www.aterno.be\/nl\/#\/schema\/person\/5ac260c99fb2f286a6b6daa3e4894068"},"headline":"6 raisons de ne pas choisir un convecteur \u00e9lectrique","datePublished":"2022-06-14T13:29:05+00:00","dateModified":"2023-01-12T13:49:38+00:00","mainEntityOfPage":{"@id":"https:\/\/www.aterno.be\/fr\/dossiers\/6-raisons-de-ne-pas-choisir-un-convecteur-electrique\/"},"wordCount":534,"publisher":{"@id":"https:\/\/www.aterno.be\/nl\/#organization"},"image":{"@id":"https:\/\/www.aterno.be\/fr\/dossiers\/6-raisons-de-ne-pas-choisir-un-convecteur-electrique\/#primaryimage"},"thumbnailUrl":"https:\/\/www.aterno.be\/app\/uploads\/2022\/06\/diffusion-chaleur-convecteur.jpg","articleSection":["Confort"],"inLanguage":"fr-BE"},{"@type":"WebPage","@id":"https:\/\/www.aterno.be\/fr\/dossiers\/6-raisons-de-ne-pas-choisir-un-convecteur-electrique\/","url":"https:\/\/www.aterno.be\/fr\/dossiers\/6-raisons-de-ne-pas-choisir-un-convecteur-electrique\/","name":"6 raisons de ne pas choisir un convecteur \u00e9lectrique | Aterno","isPartOf":{"@id":"https:\/\/www.aterno.be\/nl\/#website"},"primaryImageOfPage":{"@id":"https:\/\/www.aterno.be\/fr\/dossiers\/6-raisons-de-ne-pas-choisir-un-convecteur-electrique\/#primaryimage"},"image":{"@id":"https:\/\/www.aterno.be\/fr\/dossiers\/6-raisons-de-ne-pas-choisir-un-convecteur-electrique\/#primaryimage"},"thumbnailUrl":"https:\/\/www.aterno.be\/app\/uploads\/2022\/06\/diffusion-chaleur-convecteur.jpg","datePublished":"2022-06-14T13:29:05+00:00","dateModified":"2023-01-12T13:49:38+00:00","description":"Qu'est-ce qui caract\u00e9rise le convecteur \u00e9lectrique ? Trop \u00e9nergivore, peu fiable, salissant : d\u00e9couvrez pourquoi ne pas investir dans un tel \u00e9quipement.","breadcrumb":{"@id":"https:\/\/www.aterno.be\/fr\/dossiers\/6-raisons-de-ne-pas-choisir-un-convecteur-electrique\/#breadcrumb"},"inLanguage":"fr-BE","potentialAction":[{"@type":"ReadAction","target":["https:\/\/www.aterno.be\/fr\/dossiers\/6-raisons-de-ne-pas-choisir-un-convecteur-electrique\/"]}]},{"@type":"ImageObject","inLanguage":"fr-BE","@id":"https:\/\/www.aterno.be\/fr\/dossiers\/6-raisons-de-ne-pas-choisir-un-convecteur-electrique\/#primaryimage","url":"https:\/\/www.aterno.be\/app\/uploads\/2022\/06\/diffusion-chaleur-convecteur.jpg","contentUrl":"https:\/\/www.aterno.be\/app\/uploads\/2022\/06\/diffusion-chaleur-convecteur.jpg","width":720,"height":644,"caption":"diffusion de la chaleur par un convecteur \u00e9lectrique"},{"@type":"BreadcrumbList","@id":"https:\/\/www.aterno.be\/fr\/dossiers\/6-raisons-de-ne-pas-choisir-un-convecteur-electrique\/#breadcrumb","itemListElement":[{"@type":"ListItem","position":1,"name":"Home","item":"https:\/\/www.aterno.be\/fr\/"},{"@type":"ListItem","position":2,"name":"6 raisons de ne pas choisir un convecteur \u00e9lectrique"}]},{"@type":"WebSite","@id":"https:\/\/www.aterno.be\/nl\/#website","url":"https:\/\/www.aterno.be\/nl\/","name":"Aterno Belgium","description":"","publisher":{"@id":"https:\/\/www.aterno.be\/nl\/#organization"},"alternateName":"Aterno","potentialAction":[{"@type":"SearchAction","target":{"@type":"EntryPoint","urlTemplate":"https:\/\/www.aterno.be\/nl\/?s={search_term_string}"},"query-input":{"@type":"PropertyValueSpecification","valueRequired":true,"valueName":"search_term_string"}}],"inLanguage":"fr-BE"},{"@type":"Organization","@id":"https:\/\/www.aterno.be\/nl\/#organization","name":"Aterno Belgium","alternateName":"Aterno","url":"https:\/\/www.aterno.be\/nl\/","logo":{"@type":"ImageObject","inLanguage":"fr-BE","@id":"https:\/\/www.aterno.be\/nl\/#\/schema\/logo\/image\/","url":"https:\/\/www.aterno.be\/app\/uploads\/2022\/06\/logo-aterno-2.png","contentUrl":"https:\/\/www.aterno.be\/app\/uploads\/2022\/06\/logo-aterno-2.png","width":246,"height":246,"caption":"Aterno Belgium"},"image":{"@id":"https:\/\/www.aterno.be\/nl\/#\/schema\/logo\/image\/"},"sameAs":["https:\/\/www.facebook.com\/aterno.belgium\/","https:\/\/www.linkedin.com\/company\/aterno\/"]},{"@type":"Person","@id":"https:\/\/www.aterno.be\/nl\/#\/schema\/person\/5ac260c99fb2f286a6b6daa3e4894068","name":"Nicolas Marey","image":{"@type":"ImageObject","inLanguage":"fr-BE","@id":"https:\/\/www.aterno.be\/nl\/#\/schema\/person\/image\/","url":"https:\/\/secure.gravatar.com\/avatar\/8fb51a00ab0cef6bc7628d6a38bf02be185e6ef58cff45802ddb9c495f9a5bb7?s=96&d=mm&r=g","contentUrl":"https:\/\/secure.gravatar.com\/avatar\/8fb51a00ab0cef6bc7628d6a38bf02be185e6ef58cff45802ddb9c495f9a5bb7?s=96&d=mm&r=g","caption":"Nicolas Marey"}}]}},"_links":{"self":[{"href":"https:\/\/www.aterno.be\/fr\/wp-json\/wp\/v2\/posts\/1696","targetHints":{"allow":["GET"]}}],"collection":[{"href":"https:\/\/www.aterno.be\/fr\/wp-json\/wp\/v2\/posts"}],"about":[{"href":"https:\/\/www.aterno.be\/fr\/wp-json\/wp\/v2\/types\/post"}],"author":[{"embeddable":true,"href":"https:\/\/www.aterno.be\/fr\/wp-json\/wp\/v2\/users\/2"}],"replies":[{"embeddable":true,"href":"https:\/\/www.aterno.be\/fr\/wp-json\/wp\/v2\/comments?post=1696"}],"version-history":[{"count":3,"href":"https:\/\/www.aterno.be\/fr\/wp-json\/wp\/v2\/posts\/1696\/revisions"}],"predecessor-version":[{"id":3429,"href":"https:\/\/www.aterno.be\/fr\/wp-json\/wp\/v2\/posts\/1696\/revisions\/3429"}],"wp:featuredmedia":[{"embeddable":true,"href":"https:\/\/www.aterno.be\/fr\/wp-json\/wp\/v2\/media\/1936"}],"wp:attachment":[{"href":"https:\/\/www.aterno.be\/fr\/wp-json\/wp\/v2\/media?parent=1696"}],"wp:term":[{"taxonomy":"category","embeddable":true,"href":"https:\/\/www.aterno.be\/fr\/wp-json\/wp\/v2\/categories?post=1696"},{"taxonomy":"post_tag","embeddable":true,"href":"https:\/\/www.aterno.be\/fr\/wp-json\/wp\/v2\/tags?post=1696"}],"curies":[{"name":"wp","href":"https:\/\/api.w.org\/{rel}","templated":true}]}}