{"id":1675,"date":"2022-06-14T14:37:22","date_gmt":"2022-06-14T12:37:22","guid":{"rendered":"https:\/\/www.aterno.be\/fr\/dossiers\/"},"modified":"2022-06-17T16:16:18","modified_gmt":"2022-06-17T14:16:18","slug":"comment-acceder-au-confort-thermique","status":"publish","type":"post","link":"https:\/\/www.aterno.be\/fr\/dossiers\/comment-acceder-au-confort-thermique\/","title":{"rendered":"Comment acc\u00e9der au confort thermique\u00a0?"},"content":{"rendered":"<p>Le confort se d\u00e9finit comme une sensation associ\u00e9e \u00e0 la temp\u00e9rature ambiante. Il d\u00e9pend d&#8217;un certain nombre de crit\u00e8res et peut facilement \u00eatre optimis\u00e9. D\u00e9couvrez sur quoi il repose.<!--more--><\/p>\n<h2>Des facteurs vari\u00e9s<\/h2>\n<p>Plusieurs \u00e9l\u00e9ments peuvent faire varier votre confort :<\/p>\n<ul>\n<li><strong>Votre condition physique :<\/strong> votre m\u00e9tabolisme, votre \u00e2ge, vos activit\u00e9s ont une incidence sur la capacit\u00e9 de votre corps \u00e0 maintenir une certaine temp\u00e9rature.<\/li>\n<li><strong>Vos v\u00eatements :<\/strong> selon qu&#8217;ils sont ou non adapt\u00e9s \u00e0 la situation dans laquelle vous vous trouvez, ils peuvent avoir un impact sur votre bien-\u00eatre.<\/li>\n<li><strong>La temp\u00e9rature :<\/strong> \u00e0 l&#8217;int\u00e9rieur, elle d\u00e9pend largement de l&#8217;efficacit\u00e9 de votre syst\u00e8me de chauffage.<\/li>\n<li><strong>L&#8217;isolation de votre maison :<\/strong> les parois froides peuvent engendrer une sensation d&#8217;inconfort.<\/li>\n<li><strong>L&#8217;humidit\u00e9 :<\/strong> un taux d&#8217;hygrom\u00e9trie compris entre 30 et 70% est essentiel pour vous permettre de vous sentir bien chez vous.<\/li>\n<\/ul>\n<h2>Le chauffage<\/h2>\n<p>Pour vous assurer un confort thermique optimal, vos \u00e9metteurs de chaleur doivent \u00eatre efficaces. Quelles sont les caract\u00e9ristiques d&#8217;un dispositif performant ?<\/p>\n<h2>Une technologie aboutie<\/h2>\n<p>Misez sur un syst\u00e8me de chauffage de derni\u00e8re g\u00e9n\u00e9ration qui met en \u0153uvre des mat\u00e9riaux fiables et des innovations exclusives.<\/p>\n<h2>Un syst\u00e8me de r\u00e9gulation pr\u00e9cis<\/h2>\n<p>Les \u00e9quipements les plus performants sont con\u00e7us pour vous garantir une ad\u00e9quation parfaite entre la temp\u00e9rature que vous avez choisie et celle que vous ressentez. Plus l&#8217;\u00e9cart entre les deux est faible, plus vous ferez d&#8217;\u00e9conomies.<\/p>\n<h2>Un appareil qui correspond \u00e0 vos attentes<\/h2>\n<p>Sa puissance doit correspondre \u00e0 vos besoins et ses dimensions doivent lui permettre de s&#8217;int\u00e9grer parfaitement dans la pi\u00e8ce \u00e0 chauffer. Pour avoir la certitude d&#8217;opter pour un produit qui correspond exactement \u00e0 ce que vous recherchez et vous apporte un confort id\u00e9al, demandez conseil \u00e0 des professionnels. Si vous souhaitez en savoir plus sur le chauffage \u00e9lectrique de derni\u00e8re g\u00e9n\u00e9ration, n&#8217;h\u00e9sitez pas \u00e0 demander un guide gratuit.<\/p>\n","protected":false},"excerpt":{"rendered":"<p>Le confort se d\u00e9finit comme une sensation associ\u00e9e \u00e0 la temp\u00e9rature ambiante. Il d\u00e9pend d&#8217;un [&hellip;]<\/p>\n","protected":false},"author":2,"featured_media":1849,"comment_status":"closed","ping_status":"closed","sticky":false,"template":"","format":"standard","meta":{"_acf_changed":false,"footnotes":""},"categories":[7],"tags":[],"class_list":["post-1675","post","type-post","status-publish","format-standard","has-post-thumbnail","hentry","category-confort"],"acf":[],"yoast_head":"<!-- This site is optimized with the Yoast SEO plugin v26.9 - https:\/\/yoast.com\/product\/yoast-seo-wordpress\/ -->\n<title>Comment acc\u00e9der au confort thermique\u00a0? | Aterno<\/title>\n<meta name=\"description\" content=\"Qu&#039;est-ce que le confort thermique et comment y acc\u00e9der ? Aterno r\u00e9pond \u00e0 toutes vos questions et vous offre des conseils pour accro\u00eetre votre bien-\u00eatre.\" \/>\n<meta name=\"robots\" content=\"index, follow, max-snippet:-1, max-image-preview:large, max-video-preview:-1\" \/>\n<link rel=\"canonical\" href=\"https:\/\/www.aterno.be\/fr\/dossiers\/comment-acceder-au-confort-thermique\/\" \/>\n<meta property=\"og:type\" content=\"article\" \/>\n<meta property=\"og:title\" content=\"Comment acc\u00e9der au confort thermique\u00a0? | Aterno\" \/>\n<meta property=\"og:description\" content=\"Qu&#039;est-ce que le confort thermique et comment y acc\u00e9der ? Aterno r\u00e9pond \u00e0 toutes vos questions et vous offre des conseils pour accro\u00eetre votre bien-\u00eatre.\" \/>\n<meta property=\"og:url\" content=\"https:\/\/www.aterno.be\/fr\/dossiers\/comment-acceder-au-confort-thermique\/\" \/>\n<meta property=\"og:site_name\" content=\"Aterno\" \/>\n<meta property=\"article:publisher\" content=\"https:\/\/www.facebook.com\/aterno.belgium\/\" \/>\n<meta property=\"article:published_time\" content=\"2022-06-14T12:37:22+00:00\" \/>\n<meta property=\"article:modified_time\" content=\"2022-06-17T14:16:18+00:00\" \/>\n<meta property=\"og:image\" content=\"https:\/\/www.aterno.be\/app\/uploads\/2022\/06\/couple.jpg\" \/>\n\t<meta property=\"og:image:width\" content=\"720\" \/>\n\t<meta property=\"og:image:height\" content=\"630\" \/>\n\t<meta property=\"og:image:type\" content=\"image\/jpeg\" \/>\n<meta name=\"author\" content=\"Nicolas Marey\" \/>\n<meta name=\"twitter:card\" content=\"summary_large_image\" \/>\n<meta name=\"twitter:label1\" content=\"Written by\" \/>\n\t<meta name=\"twitter:data1\" content=\"Nicolas Marey\" \/>\n\t<meta name=\"twitter:label2\" content=\"Est. reading time\" \/>\n\t<meta name=\"twitter:data2\" content=\"2 minutes\" \/>\n<script type=\"application\/ld+json\" class=\"yoast-schema-graph\">{\"@context\":\"https:\/\/schema.org\",\"@graph\":[{\"@type\":\"Article\",\"@id\":\"https:\/\/www.aterno.be\/fr\/dossiers\/comment-acceder-au-confort-thermique\/#article\",\"isPartOf\":{\"@id\":\"https:\/\/www.aterno.be\/fr\/dossiers\/comment-acceder-au-confort-thermique\/\"},\"author\":{\"name\":\"Nicolas Marey\",\"@id\":\"https:\/\/www.aterno.be\/nl\/#\/schema\/person\/5ac260c99fb2f286a6b6daa3e4894068\"},\"headline\":\"Comment acc\u00e9der au confort thermique\u00a0?\",\"datePublished\":\"2022-06-14T12:37:22+00:00\",\"dateModified\":\"2022-06-17T14:16:18+00:00\",\"mainEntityOfPage\":{\"@id\":\"https:\/\/www.aterno.be\/fr\/dossiers\/comment-acceder-au-confort-thermique\/\"},\"wordCount\":340,\"publisher\":{\"@id\":\"https:\/\/www.aterno.be\/nl\/#organization\"},\"image\":{\"@id\":\"https:\/\/www.aterno.be\/fr\/dossiers\/comment-acceder-au-confort-thermique\/#primaryimage\"},\"thumbnailUrl\":\"https:\/\/www.aterno.be\/app\/uploads\/2022\/06\/couple.jpg\",\"articleSection\":[\"Confort\"],\"inLanguage\":\"fr-BE\"},{\"@type\":\"WebPage\",\"@id\":\"https:\/\/www.aterno.be\/fr\/dossiers\/comment-acceder-au-confort-thermique\/\",\"url\":\"https:\/\/www.aterno.be\/fr\/dossiers\/comment-acceder-au-confort-thermique\/\",\"name\":\"Comment acc\u00e9der au confort thermique\u00a0? | Aterno\",\"isPartOf\":{\"@id\":\"https:\/\/www.aterno.be\/nl\/#website\"},\"primaryImageOfPage\":{\"@id\":\"https:\/\/www.aterno.be\/fr\/dossiers\/comment-acceder-au-confort-thermique\/#primaryimage\"},\"image\":{\"@id\":\"https:\/\/www.aterno.be\/fr\/dossiers\/comment-acceder-au-confort-thermique\/#primaryimage\"},\"thumbnailUrl\":\"https:\/\/www.aterno.be\/app\/uploads\/2022\/06\/couple.jpg\",\"datePublished\":\"2022-06-14T12:37:22+00:00\",\"dateModified\":\"2022-06-17T14:16:18+00:00\",\"description\":\"Qu'est-ce que le confort thermique et comment y acc\u00e9der ? Aterno r\u00e9pond \u00e0 toutes vos questions et vous offre des conseils pour accro\u00eetre votre bien-\u00eatre.\",\"breadcrumb\":{\"@id\":\"https:\/\/www.aterno.be\/fr\/dossiers\/comment-acceder-au-confort-thermique\/#breadcrumb\"},\"inLanguage\":\"fr-BE\",\"potentialAction\":[{\"@type\":\"ReadAction\",\"target\":[\"https:\/\/www.aterno.be\/fr\/dossiers\/comment-acceder-au-confort-thermique\/\"]}]},{\"@type\":\"ImageObject\",\"inLanguage\":\"fr-BE\",\"@id\":\"https:\/\/www.aterno.be\/fr\/dossiers\/comment-acceder-au-confort-thermique\/#primaryimage\",\"url\":\"https:\/\/www.aterno.be\/app\/uploads\/2022\/06\/couple.jpg\",\"contentUrl\":\"https:\/\/www.aterno.be\/app\/uploads\/2022\/06\/couple.jpg\",\"width\":720,\"height\":630,\"caption\":\"couple\"},{\"@type\":\"BreadcrumbList\",\"@id\":\"https:\/\/www.aterno.be\/fr\/dossiers\/comment-acceder-au-confort-thermique\/#breadcrumb\",\"itemListElement\":[{\"@type\":\"ListItem\",\"position\":1,\"name\":\"Home\",\"item\":\"https:\/\/www.aterno.be\/fr\/\"},{\"@type\":\"ListItem\",\"position\":2,\"name\":\"Comment acc\u00e9der au confort thermique\u00a0?\"}]},{\"@type\":\"WebSite\",\"@id\":\"https:\/\/www.aterno.be\/nl\/#website\",\"url\":\"https:\/\/www.aterno.be\/nl\/\",\"name\":\"Aterno Belgium\",\"description\":\"\",\"publisher\":{\"@id\":\"https:\/\/www.aterno.be\/nl\/#organization\"},\"alternateName\":\"Aterno\",\"potentialAction\":[{\"@type\":\"SearchAction\",\"target\":{\"@type\":\"EntryPoint\",\"urlTemplate\":\"https:\/\/www.aterno.be\/nl\/?s={search_term_string}\"},\"query-input\":{\"@type\":\"PropertyValueSpecification\",\"valueRequired\":true,\"valueName\":\"search_term_string\"}}],\"inLanguage\":\"fr-BE\"},{\"@type\":\"Organization\",\"@id\":\"https:\/\/www.aterno.be\/nl\/#organization\",\"name\":\"Aterno Belgium\",\"alternateName\":\"Aterno\",\"url\":\"https:\/\/www.aterno.be\/nl\/\",\"logo\":{\"@type\":\"ImageObject\",\"inLanguage\":\"fr-BE\",\"@id\":\"https:\/\/www.aterno.be\/nl\/#\/schema\/logo\/image\/\",\"url\":\"https:\/\/www.aterno.be\/app\/uploads\/2022\/06\/logo-aterno-2.png\",\"contentUrl\":\"https:\/\/www.aterno.be\/app\/uploads\/2022\/06\/logo-aterno-2.png\",\"width\":246,\"height\":246,\"caption\":\"Aterno Belgium\"},\"image\":{\"@id\":\"https:\/\/www.aterno.be\/nl\/#\/schema\/logo\/image\/\"},\"sameAs\":[\"https:\/\/www.facebook.com\/aterno.belgium\/\",\"https:\/\/www.linkedin.com\/company\/aterno\/\"]},{\"@type\":\"Person\",\"@id\":\"https:\/\/www.aterno.be\/nl\/#\/schema\/person\/5ac260c99fb2f286a6b6daa3e4894068\",\"name\":\"Nicolas Marey\",\"image\":{\"@type\":\"ImageObject\",\"inLanguage\":\"fr-BE\",\"@id\":\"https:\/\/www.aterno.be\/nl\/#\/schema\/person\/image\/\",\"url\":\"https:\/\/secure.gravatar.com\/avatar\/8fb51a00ab0cef6bc7628d6a38bf02be185e6ef58cff45802ddb9c495f9a5bb7?s=96&d=mm&r=g\",\"contentUrl\":\"https:\/\/secure.gravatar.com\/avatar\/8fb51a00ab0cef6bc7628d6a38bf02be185e6ef58cff45802ddb9c495f9a5bb7?s=96&d=mm&r=g\",\"caption\":\"Nicolas Marey\"}}]}<\/script>\n<!-- \/ Yoast SEO plugin. -->","yoast_head_json":{"title":"Comment acc\u00e9der au confort thermique\u00a0? | Aterno","description":"Qu'est-ce que le confort thermique et comment y acc\u00e9der ? Aterno r\u00e9pond \u00e0 toutes vos questions et vous offre des conseils pour accro\u00eetre votre bien-\u00eatre.","robots":{"index":"index","follow":"follow","max-snippet":"max-snippet:-1","max-image-preview":"max-image-preview:large","max-video-preview":"max-video-preview:-1"},"canonical":"https:\/\/www.aterno.be\/fr\/dossiers\/comment-acceder-au-confort-thermique\/","og_type":"article","og_title":"Comment acc\u00e9der au confort thermique\u00a0? | Aterno","og_description":"Qu'est-ce que le confort thermique et comment y acc\u00e9der ? Aterno r\u00e9pond \u00e0 toutes vos questions et vous offre des conseils pour accro\u00eetre votre bien-\u00eatre.","og_url":"https:\/\/www.aterno.be\/fr\/dossiers\/comment-acceder-au-confort-thermique\/","og_site_name":"Aterno","article_publisher":"https:\/\/www.facebook.com\/aterno.belgium\/","article_published_time":"2022-06-14T12:37:22+00:00","article_modified_time":"2022-06-17T14:16:18+00:00","og_image":[{"width":720,"height":630,"url":"https:\/\/www.aterno.be\/app\/uploads\/2022\/06\/couple.jpg","type":"image\/jpeg"}],"author":"Nicolas Marey","twitter_card":"summary_large_image","twitter_misc":{"Written by":"Nicolas Marey","Est. reading time":"2 minutes"},"schema":{"@context":"https:\/\/schema.org","@graph":[{"@type":"Article","@id":"https:\/\/www.aterno.be\/fr\/dossiers\/comment-acceder-au-confort-thermique\/#article","isPartOf":{"@id":"https:\/\/www.aterno.be\/fr\/dossiers\/comment-acceder-au-confort-thermique\/"},"author":{"name":"Nicolas Marey","@id":"https:\/\/www.aterno.be\/nl\/#\/schema\/person\/5ac260c99fb2f286a6b6daa3e4894068"},"headline":"Comment acc\u00e9der au confort thermique\u00a0?","datePublished":"2022-06-14T12:37:22+00:00","dateModified":"2022-06-17T14:16:18+00:00","mainEntityOfPage":{"@id":"https:\/\/www.aterno.be\/fr\/dossiers\/comment-acceder-au-confort-thermique\/"},"wordCount":340,"publisher":{"@id":"https:\/\/www.aterno.be\/nl\/#organization"},"image":{"@id":"https:\/\/www.aterno.be\/fr\/dossiers\/comment-acceder-au-confort-thermique\/#primaryimage"},"thumbnailUrl":"https:\/\/www.aterno.be\/app\/uploads\/2022\/06\/couple.jpg","articleSection":["Confort"],"inLanguage":"fr-BE"},{"@type":"WebPage","@id":"https:\/\/www.aterno.be\/fr\/dossiers\/comment-acceder-au-confort-thermique\/","url":"https:\/\/www.aterno.be\/fr\/dossiers\/comment-acceder-au-confort-thermique\/","name":"Comment acc\u00e9der au confort thermique\u00a0? | Aterno","isPartOf":{"@id":"https:\/\/www.aterno.be\/nl\/#website"},"primaryImageOfPage":{"@id":"https:\/\/www.aterno.be\/fr\/dossiers\/comment-acceder-au-confort-thermique\/#primaryimage"},"image":{"@id":"https:\/\/www.aterno.be\/fr\/dossiers\/comment-acceder-au-confort-thermique\/#primaryimage"},"thumbnailUrl":"https:\/\/www.aterno.be\/app\/uploads\/2022\/06\/couple.jpg","datePublished":"2022-06-14T12:37:22+00:00","dateModified":"2022-06-17T14:16:18+00:00","description":"Qu'est-ce que le confort thermique et comment y acc\u00e9der ? Aterno r\u00e9pond \u00e0 toutes vos questions et vous offre des conseils pour accro\u00eetre votre bien-\u00eatre.","breadcrumb":{"@id":"https:\/\/www.aterno.be\/fr\/dossiers\/comment-acceder-au-confort-thermique\/#breadcrumb"},"inLanguage":"fr-BE","potentialAction":[{"@type":"ReadAction","target":["https:\/\/www.aterno.be\/fr\/dossiers\/comment-acceder-au-confort-thermique\/"]}]},{"@type":"ImageObject","inLanguage":"fr-BE","@id":"https:\/\/www.aterno.be\/fr\/dossiers\/comment-acceder-au-confort-thermique\/#primaryimage","url":"https:\/\/www.aterno.be\/app\/uploads\/2022\/06\/couple.jpg","contentUrl":"https:\/\/www.aterno.be\/app\/uploads\/2022\/06\/couple.jpg","width":720,"height":630,"caption":"couple"},{"@type":"BreadcrumbList","@id":"https:\/\/www.aterno.be\/fr\/dossiers\/comment-acceder-au-confort-thermique\/#breadcrumb","itemListElement":[{"@type":"ListItem","position":1,"name":"Home","item":"https:\/\/www.aterno.be\/fr\/"},{"@type":"ListItem","position":2,"name":"Comment acc\u00e9der au confort thermique\u00a0?"}]},{"@type":"WebSite","@id":"https:\/\/www.aterno.be\/nl\/#website","url":"https:\/\/www.aterno.be\/nl\/","name":"Aterno Belgium","description":"","publisher":{"@id":"https:\/\/www.aterno.be\/nl\/#organization"},"alternateName":"Aterno","potentialAction":[{"@type":"SearchAction","target":{"@type":"EntryPoint","urlTemplate":"https:\/\/www.aterno.be\/nl\/?s={search_term_string}"},"query-input":{"@type":"PropertyValueSpecification","valueRequired":true,"valueName":"search_term_string"}}],"inLanguage":"fr-BE"},{"@type":"Organization","@id":"https:\/\/www.aterno.be\/nl\/#organization","name":"Aterno Belgium","alternateName":"Aterno","url":"https:\/\/www.aterno.be\/nl\/","logo":{"@type":"ImageObject","inLanguage":"fr-BE","@id":"https:\/\/www.aterno.be\/nl\/#\/schema\/logo\/image\/","url":"https:\/\/www.aterno.be\/app\/uploads\/2022\/06\/logo-aterno-2.png","contentUrl":"https:\/\/www.aterno.be\/app\/uploads\/2022\/06\/logo-aterno-2.png","width":246,"height":246,"caption":"Aterno Belgium"},"image":{"@id":"https:\/\/www.aterno.be\/nl\/#\/schema\/logo\/image\/"},"sameAs":["https:\/\/www.facebook.com\/aterno.belgium\/","https:\/\/www.linkedin.com\/company\/aterno\/"]},{"@type":"Person","@id":"https:\/\/www.aterno.be\/nl\/#\/schema\/person\/5ac260c99fb2f286a6b6daa3e4894068","name":"Nicolas Marey","image":{"@type":"ImageObject","inLanguage":"fr-BE","@id":"https:\/\/www.aterno.be\/nl\/#\/schema\/person\/image\/","url":"https:\/\/secure.gravatar.com\/avatar\/8fb51a00ab0cef6bc7628d6a38bf02be185e6ef58cff45802ddb9c495f9a5bb7?s=96&d=mm&r=g","contentUrl":"https:\/\/secure.gravatar.com\/avatar\/8fb51a00ab0cef6bc7628d6a38bf02be185e6ef58cff45802ddb9c495f9a5bb7?s=96&d=mm&r=g","caption":"Nicolas Marey"}}]}},"_links":{"self":[{"href":"https:\/\/www.aterno.be\/fr\/wp-json\/wp\/v2\/posts\/1675","targetHints":{"allow":["GET"]}}],"collection":[{"href":"https:\/\/www.aterno.be\/fr\/wp-json\/wp\/v2\/posts"}],"about":[{"href":"https:\/\/www.aterno.be\/fr\/wp-json\/wp\/v2\/types\/post"}],"author":[{"embeddable":true,"href":"https:\/\/www.aterno.be\/fr\/wp-json\/wp\/v2\/users\/2"}],"replies":[{"embeddable":true,"href":"https:\/\/www.aterno.be\/fr\/wp-json\/wp\/v2\/comments?post=1675"}],"version-history":[{"count":2,"href":"https:\/\/www.aterno.be\/fr\/wp-json\/wp\/v2\/posts\/1675\/revisions"}],"predecessor-version":[{"id":1848,"href":"https:\/\/www.aterno.be\/fr\/wp-json\/wp\/v2\/posts\/1675\/revisions\/1848"}],"wp:featuredmedia":[{"embeddable":true,"href":"https:\/\/www.aterno.be\/fr\/wp-json\/wp\/v2\/media\/1849"}],"wp:attachment":[{"href":"https:\/\/www.aterno.be\/fr\/wp-json\/wp\/v2\/media?parent=1675"}],"wp:term":[{"taxonomy":"category","embeddable":true,"href":"https:\/\/www.aterno.be\/fr\/wp-json\/wp\/v2\/categories?post=1675"},{"taxonomy":"post_tag","embeddable":true,"href":"https:\/\/www.aterno.be\/fr\/wp-json\/wp\/v2\/tags?post=1675"}],"curies":[{"name":"wp","href":"https:\/\/api.w.org\/{rel}","templated":true}]}}