{"id":1660,"date":"2022-06-14T11:40:03","date_gmt":"2022-06-14T09:40:03","guid":{"rendered":"https:\/\/www.aterno.be\/fr\/dossiers\/"},"modified":"2023-02-09T08:32:39","modified_gmt":"2023-02-09T07:32:39","slug":"quel-chauffage-electrique-choisir-pour-un-grenier","status":"publish","type":"post","link":"https:\/\/www.aterno.be\/fr\/dossiers\/quel-chauffage-electrique-choisir-pour-un-grenier\/","title":{"rendered":"Quel chauffage \u00e9lectrique choisir pour un grenier\u00a0?"},"content":{"rendered":"<p>Si les combles b\u00e9n\u00e9ficient de la chaleur provenant des \u00e9tages inf\u00e9rieurs, c&#8217;est \u00e9galement par le toit que s&#8217;\u00e9chappent une grande partie des calories. Lors de l&#8217;am\u00e9nagement de votre <strong>grenier et son chauffage \u00e9lectrique<\/strong>, il est important de choisir une solution de chauffage adapt\u00e9e. Pourquoi le <a title=\"chauffage electrique\" href=\"https:\/\/www.aterno.be\/fr\/articles\/1-chauffage-electrique\/index.html\">chauffage \u00e9lectrique<\/a> est-il l&#8217;option id\u00e9ale ?<!--more--><\/p>\n<h2>La solution parfaite pour une extension et son grenier<\/h2>\n<p>Si votre habitation est \u00e9quip\u00e9e d&#8217;un syst\u00e8me de chauffage central, le redimensionner n\u00e9cessite d&#8217;importants travaux et parfois quelques ajustements. Vous devez v\u00e9rifier que l&#8217;installation existante puisse chauffer le volume suppl\u00e9mentaire. Avec un chauffage ind\u00e9pendant comme un radiateur \u00e9lectrique \u00e0 inertie, il n&#8217;y a aucun probl\u00e8me. L&#8217;installation est rapide et l&#8217;\u00e9quipement est op\u00e9rationnel imm\u00e9diatement.<\/p>\n<h2>Quel mod\u00e8le est le plus efficace pour installer un chauffage \u00e9lectrique dans son grenier ?<\/h2>\n<p>Il existe plusieurs <strong>types de chauffages \u00e9lectriques pour grenier<\/strong> :<\/p>\n<h3>Les radiateurs \u00e0 inertie<\/h3>\n<p>Ils g\u00e9n\u00e8rent une chaleur agr\u00e9able dans toute la pi\u00e8ce, du sol au plafond. Ils chauffent longtemps et de mani\u00e8re constante, m\u00eame apr\u00e8s avoir \u00e9t\u00e9 \u00e9teints. Ils emp\u00eachent aussi les variations brutales de temp\u00e9rature. Ils sont recommand\u00e9s dans les combles utilis\u00e9s quotidiennement comme chambre ou pi\u00e8ce \u00e0 vivre et existent dans de nombreux mod\u00e8les : plinthe, vertical, mobile, etc.<\/p>\n<h3>Les radiateurs rayonnants<\/h3>\n<p>Le flux de chaleur se propage en ligne droite, comme celui d\u00e9gag\u00e9 par le rayonnement du soleil. Ces appareils sont tr\u00e8s \u00e9nergivores et ne conviennent pas pour chauffer des pi\u00e8ces en continu.<\/p>\n<h3>Les convecteurs<\/h3>\n<p>Il s&#8217;agit de la solution la moins ch\u00e8re. Ils permettent de chauffer rapidement le volume d&#8217;une petite pi\u00e8ce. Ils ne conviennent que pour les espaces que vous occupez ponctuellement.<\/p>\n<p>Pour vous assurer une mise en \u0153uvre conforme aux normes en vigueur et vous permettre d&#8217;acc\u00e9der au confort que vous souhaitez dans vos combles, Aterno vous propose un service qui comprend :<\/p>\n<ul>\n<li>Conseil<\/li>\n<li>Installation<\/li>\n<li>Service apr\u00e8s-vente<\/li>\n<\/ul>\n<p>Pour en savoir plus, n&#8217;h\u00e9sitez pas \u00e0 demander un guide gratuit.<\/p>\n<h3>FAQ sur le chauffage \u00e9lectrique<\/h3>\n<p>D&#8217;autres questions ? Consultez les ressources Aterno sur le sujet :<\/p>\n<ul>\n<li>Comment bien choisir son <a title=\"chauffage electrique salle de bain\" href=\"https:\/\/www.aterno.be\/fr\/articles\/3-chauffage-electrique-salle-de-bain\/index.html\">chauffage \u00e9lectrique pour la salle de bain<\/a> ?<\/li>\n<li>R\u00e9novation : quel <a title=\"chauffage salle de bain\" href=\"https:\/\/www.aterno.be\/fr\/dossiers\/renovation-quel-chauffage-choisir-pour-la-salle-de-bain\/\">chauffage pour la salle de bain<\/a> ?<\/li>\n<li><a title=\"chauffage electrique economique\" href=\"https:\/\/www.aterno.be\/fr\/articles\/5-chauffage-electrique-economique\/index.html\">Chauffage \u00e9lectrique \u00e9conomique<\/a> : quelle est la meilleure technologie ?<\/li>\n<li>Choisir votre <a title=\"chauffage economique\" href=\"https:\/\/www.aterno.be\/fr\/articles\/6-chauffage-economique\/index.html\">chauffage \u00e9conomique<\/a> en fonction de votre habitation : comment faire ?<\/li>\n<li>Le <a title=\"chauffage electrique ecologique\" href=\"https:\/\/www.aterno.be\/fr\/dossiers\/le-chauffage-electrique-est-il-ecologique\/\">chauffage \u00e9lectrique est-il \u00e9cologique<\/a> ?<\/li>\n<li>Quel est le <a title=\"chauffage le moins polluant\" href=\"https:\/\/www.aterno.be\/fr\/dossiers\/quel-est-le-chauffage-le-moins-polluant\/\">chauffage le moins polluant<\/a> ?<\/li>\n<li>Qu&#8217;est ce que le <a title=\"chauffage central electrique\" href=\"https:\/\/www.aterno.be\/fr\/articles\/108-chauffage-central-electrique\/index.html\">chauffage central electrique<\/a> ultra performant selon Aterno ?<\/li>\n<li><a title=\"chauffage \u00e9lectrique \u00e0 inertie\" href=\"https:\/\/www.aterno.be\/fr\/articles\/7-chauffage-electrique-a-inertie\/index.html\">Chauffage \u00e9lectrique \u00e0 inertie<\/a> : fonctionnement et avantages<\/li>\n<li>Quelles sont les diff\u00e9rences entre le <a title=\"chauffage electrique accumulation\" href=\"https:\/\/www.aterno.be\/fr\/articles\/4-chauffage-electrique-accumulation\/index.html\">chauffage \u00e9lectrique \u00e0 accumulation<\/a> et le radiateur \u00e0 inertie ?<\/li>\n<li>Qu\u2019est-ce qu\u2019un <a title=\"chauffage electrique ceramique\" href=\"https:\/\/www.aterno.be\/fr\/articles\/9-chauffage-electrique-ceramique\/index.html\">chauffage \u00e9lectrique en c\u00e9ramique<\/a> ?<\/li>\n<li><a title=\"chauffage \u00e9lectrique d'appoint\" href=\"https:\/\/www.aterno.be\/fr\/dossiers\/chauffage-electrique-d-appoint-comment-faire-des-economies\/\">Chauffage \u00e9lectrique d\u2019appoint<\/a> : comment faire des \u00e9conomies<\/li>\n<li>Quel est le rendement d\u2019un <a title=\"chauffage electrique soufflant\" href=\"https:\/\/www.aterno.be\/fr\/articles\/8-chauffage-electrique-soufflant\/index.html\">chauffage \u00e9lectrique soufflant<\/a> ?<\/li>\n<li>Pourquoi choisir un <a title=\"chauffage electrique mural\" href=\"https:\/\/www.aterno.be\/fr\/articles\/2-chauffage-electrique-mural\/index.html\">chauffage \u00e9lectrique mural<\/a> ?<\/li>\n<li>Quel <a title=\"chauffage pour senior\" href=\"https:\/\/www.aterno.be\/fr\/dossiers\/quel-chauffage-pour-les-seniors\/\">chauffage pour les seniors<\/a> ?<\/li>\n<li>Quel <a title=\"chauffage chambre d'enfant\" href=\"https:\/\/www.aterno.be\/fr\/dossiers\/quel-chauffage-choisir-pour-une-chambre-d-enfant\/\">chauffage pour une chambre d\u2019enfant<\/a> ?<\/li>\n<li>Comment <a title=\"choisir chauffage\" href=\"https:\/\/www.aterno.be\/fr\/dossiers\/comment-choisir-votre-mode-de-chauffage\/\">choisir votre mode de chauffage<\/a> ?<\/li>\n<li>Votre <a title=\"chauffage efficace\" href=\"https:\/\/www.aterno.be\/fr\/dossiers\/votre-chauffage-est-il-efficace\/\">chauffage est-il efficace<\/a> ?<\/li>\n<li>O\u00f9 trouver un bon <a title=\"installateur chauffagiste\" href=\"https:\/\/www.aterno.be\/fr\/articles\/10-installateur-chauffagiste\/index.html\">installateur chauffagiste<\/a> ?<\/li>\n<li>Votre <a title=\"installateur chauffage electrique\" href=\"https:\/\/www.aterno.be\/fr\/articles\/11-installateur-chauffage-electrique\/index.html\">installateur de chauffage \u00e9lectrique<\/a> Aterno r\u00e9alise votre pose<\/li>\n<li>Un service &#8220;tout compris&#8221; de l&#8217;<a title=\"installation chauffage electrique\" href=\"https:\/\/www.aterno.be\/fr\/dossiers\/aterno-un-service-tout-compris\/\">installation du chauffage \u00e9lectrique<\/a> au suivi qualit\u00e9 (SAV)<\/li>\n<\/ul>\n","protected":false},"excerpt":{"rendered":"<p>Si les combles b\u00e9n\u00e9ficient de la chaleur provenant des \u00e9tages inf\u00e9rieurs, c&#8217;est \u00e9galement par le [&hellip;]<\/p>\n","protected":false},"author":2,"featured_media":1815,"comment_status":"closed","ping_status":"closed","sticky":false,"template":"","format":"standard","meta":{"_acf_changed":false,"footnotes":""},"categories":[8],"tags":[],"class_list":["post-1660","post","type-post","status-publish","format-standard","has-post-thumbnail","hentry","category-renovation"],"acf":[],"yoast_head":"<!-- This site is optimized with the Yoast SEO plugin v26.9 - https:\/\/yoast.com\/product\/yoast-seo-wordpress\/ -->\n<title>Quel chauffage \u00e9lectrique choisir pour un grenier\u00a0? | Aterno<\/title>\n<meta name=\"description\" content=\"Comment choisir un chauffage \u00e9lectrique pour un grenier ? D\u00e9couvrez nos conseils pour trouver le mod\u00e8le le mieux adapt\u00e9 \u00e0 votre situation.\" \/>\n<meta name=\"robots\" content=\"index, follow, max-snippet:-1, max-image-preview:large, max-video-preview:-1\" \/>\n<link rel=\"canonical\" href=\"https:\/\/www.aterno.be\/fr\/dossiers\/quel-chauffage-electrique-choisir-pour-un-grenier\/\" \/>\n<meta property=\"og:type\" content=\"article\" \/>\n<meta property=\"og:title\" content=\"Quel chauffage \u00e9lectrique choisir pour un grenier\u00a0? | Aterno\" \/>\n<meta property=\"og:description\" content=\"Comment choisir un chauffage \u00e9lectrique pour un grenier ? D\u00e9couvrez nos conseils pour trouver le mod\u00e8le le mieux adapt\u00e9 \u00e0 votre situation.\" \/>\n<meta property=\"og:url\" content=\"https:\/\/www.aterno.be\/fr\/dossiers\/quel-chauffage-electrique-choisir-pour-un-grenier\/\" \/>\n<meta property=\"og:site_name\" content=\"Aterno\" \/>\n<meta property=\"article:publisher\" content=\"https:\/\/www.facebook.com\/aterno.belgium\/\" \/>\n<meta property=\"article:published_time\" content=\"2022-06-14T09:40:03+00:00\" \/>\n<meta property=\"article:modified_time\" content=\"2023-02-09T07:32:39+00:00\" \/>\n<meta property=\"og:image\" content=\"https:\/\/www.aterno.be\/app\/uploads\/2022\/06\/combles-en-renovation.jpg\" \/>\n\t<meta property=\"og:image:width\" content=\"720\" \/>\n\t<meta property=\"og:image:height\" content=\"638\" \/>\n\t<meta property=\"og:image:type\" content=\"image\/jpeg\" \/>\n<meta name=\"author\" content=\"Nicolas Marey\" \/>\n<meta name=\"twitter:card\" content=\"summary_large_image\" \/>\n<meta name=\"twitter:label1\" content=\"Written by\" \/>\n\t<meta name=\"twitter:data1\" content=\"Nicolas Marey\" \/>\n\t<meta name=\"twitter:label2\" content=\"Est. reading time\" \/>\n\t<meta name=\"twitter:data2\" content=\"3 minutes\" \/>\n<script type=\"application\/ld+json\" class=\"yoast-schema-graph\">{\"@context\":\"https:\/\/schema.org\",\"@graph\":[{\"@type\":\"Article\",\"@id\":\"https:\/\/www.aterno.be\/fr\/dossiers\/quel-chauffage-electrique-choisir-pour-un-grenier\/#article\",\"isPartOf\":{\"@id\":\"https:\/\/www.aterno.be\/fr\/dossiers\/quel-chauffage-electrique-choisir-pour-un-grenier\/\"},\"author\":{\"name\":\"Nicolas Marey\",\"@id\":\"https:\/\/www.aterno.be\/nl\/#\/schema\/person\/5ac260c99fb2f286a6b6daa3e4894068\"},\"headline\":\"Quel chauffage \u00e9lectrique choisir pour un grenier\u00a0?\",\"datePublished\":\"2022-06-14T09:40:03+00:00\",\"dateModified\":\"2023-02-09T07:32:39+00:00\",\"mainEntityOfPage\":{\"@id\":\"https:\/\/www.aterno.be\/fr\/dossiers\/quel-chauffage-electrique-choisir-pour-un-grenier\/\"},\"wordCount\":544,\"publisher\":{\"@id\":\"https:\/\/www.aterno.be\/nl\/#organization\"},\"image\":{\"@id\":\"https:\/\/www.aterno.be\/fr\/dossiers\/quel-chauffage-electrique-choisir-pour-un-grenier\/#primaryimage\"},\"thumbnailUrl\":\"https:\/\/www.aterno.be\/app\/uploads\/2022\/06\/combles-en-renovation.jpg\",\"articleSection\":[\"R\u00e9novation\"],\"inLanguage\":\"fr-BE\"},{\"@type\":\"WebPage\",\"@id\":\"https:\/\/www.aterno.be\/fr\/dossiers\/quel-chauffage-electrique-choisir-pour-un-grenier\/\",\"url\":\"https:\/\/www.aterno.be\/fr\/dossiers\/quel-chauffage-electrique-choisir-pour-un-grenier\/\",\"name\":\"Quel chauffage \u00e9lectrique choisir pour un grenier\u00a0? | Aterno\",\"isPartOf\":{\"@id\":\"https:\/\/www.aterno.be\/nl\/#website\"},\"primaryImageOfPage\":{\"@id\":\"https:\/\/www.aterno.be\/fr\/dossiers\/quel-chauffage-electrique-choisir-pour-un-grenier\/#primaryimage\"},\"image\":{\"@id\":\"https:\/\/www.aterno.be\/fr\/dossiers\/quel-chauffage-electrique-choisir-pour-un-grenier\/#primaryimage\"},\"thumbnailUrl\":\"https:\/\/www.aterno.be\/app\/uploads\/2022\/06\/combles-en-renovation.jpg\",\"datePublished\":\"2022-06-14T09:40:03+00:00\",\"dateModified\":\"2023-02-09T07:32:39+00:00\",\"description\":\"Comment choisir un chauffage \u00e9lectrique pour un grenier ? D\u00e9couvrez nos conseils pour trouver le mod\u00e8le le mieux adapt\u00e9 \u00e0 votre situation.\",\"breadcrumb\":{\"@id\":\"https:\/\/www.aterno.be\/fr\/dossiers\/quel-chauffage-electrique-choisir-pour-un-grenier\/#breadcrumb\"},\"inLanguage\":\"fr-BE\",\"potentialAction\":[{\"@type\":\"ReadAction\",\"target\":[\"https:\/\/www.aterno.be\/fr\/dossiers\/quel-chauffage-electrique-choisir-pour-un-grenier\/\"]}]},{\"@type\":\"ImageObject\",\"inLanguage\":\"fr-BE\",\"@id\":\"https:\/\/www.aterno.be\/fr\/dossiers\/quel-chauffage-electrique-choisir-pour-un-grenier\/#primaryimage\",\"url\":\"https:\/\/www.aterno.be\/app\/uploads\/2022\/06\/combles-en-renovation.jpg\",\"contentUrl\":\"https:\/\/www.aterno.be\/app\/uploads\/2022\/06\/combles-en-renovation.jpg\",\"width\":720,\"height\":638,\"caption\":\"combles en renovation\"},{\"@type\":\"BreadcrumbList\",\"@id\":\"https:\/\/www.aterno.be\/fr\/dossiers\/quel-chauffage-electrique-choisir-pour-un-grenier\/#breadcrumb\",\"itemListElement\":[{\"@type\":\"ListItem\",\"position\":1,\"name\":\"Home\",\"item\":\"https:\/\/www.aterno.be\/fr\/\"},{\"@type\":\"ListItem\",\"position\":2,\"name\":\"Quel chauffage \u00e9lectrique choisir pour un grenier\u00a0?\"}]},{\"@type\":\"WebSite\",\"@id\":\"https:\/\/www.aterno.be\/nl\/#website\",\"url\":\"https:\/\/www.aterno.be\/nl\/\",\"name\":\"Aterno Belgium\",\"description\":\"\",\"publisher\":{\"@id\":\"https:\/\/www.aterno.be\/nl\/#organization\"},\"alternateName\":\"Aterno\",\"potentialAction\":[{\"@type\":\"SearchAction\",\"target\":{\"@type\":\"EntryPoint\",\"urlTemplate\":\"https:\/\/www.aterno.be\/nl\/?s={search_term_string}\"},\"query-input\":{\"@type\":\"PropertyValueSpecification\",\"valueRequired\":true,\"valueName\":\"search_term_string\"}}],\"inLanguage\":\"fr-BE\"},{\"@type\":\"Organization\",\"@id\":\"https:\/\/www.aterno.be\/nl\/#organization\",\"name\":\"Aterno Belgium\",\"alternateName\":\"Aterno\",\"url\":\"https:\/\/www.aterno.be\/nl\/\",\"logo\":{\"@type\":\"ImageObject\",\"inLanguage\":\"fr-BE\",\"@id\":\"https:\/\/www.aterno.be\/nl\/#\/schema\/logo\/image\/\",\"url\":\"https:\/\/www.aterno.be\/app\/uploads\/2022\/06\/logo-aterno-2.png\",\"contentUrl\":\"https:\/\/www.aterno.be\/app\/uploads\/2022\/06\/logo-aterno-2.png\",\"width\":246,\"height\":246,\"caption\":\"Aterno Belgium\"},\"image\":{\"@id\":\"https:\/\/www.aterno.be\/nl\/#\/schema\/logo\/image\/\"},\"sameAs\":[\"https:\/\/www.facebook.com\/aterno.belgium\/\",\"https:\/\/www.linkedin.com\/company\/aterno\/\"]},{\"@type\":\"Person\",\"@id\":\"https:\/\/www.aterno.be\/nl\/#\/schema\/person\/5ac260c99fb2f286a6b6daa3e4894068\",\"name\":\"Nicolas Marey\",\"image\":{\"@type\":\"ImageObject\",\"inLanguage\":\"fr-BE\",\"@id\":\"https:\/\/www.aterno.be\/nl\/#\/schema\/person\/image\/\",\"url\":\"https:\/\/secure.gravatar.com\/avatar\/8fb51a00ab0cef6bc7628d6a38bf02be185e6ef58cff45802ddb9c495f9a5bb7?s=96&d=mm&r=g\",\"contentUrl\":\"https:\/\/secure.gravatar.com\/avatar\/8fb51a00ab0cef6bc7628d6a38bf02be185e6ef58cff45802ddb9c495f9a5bb7?s=96&d=mm&r=g\",\"caption\":\"Nicolas Marey\"}}]}<\/script>\n<!-- \/ Yoast SEO plugin. -->","yoast_head_json":{"title":"Quel chauffage \u00e9lectrique choisir pour un grenier\u00a0? | Aterno","description":"Comment choisir un chauffage \u00e9lectrique pour un grenier ? D\u00e9couvrez nos conseils pour trouver le mod\u00e8le le mieux adapt\u00e9 \u00e0 votre situation.","robots":{"index":"index","follow":"follow","max-snippet":"max-snippet:-1","max-image-preview":"max-image-preview:large","max-video-preview":"max-video-preview:-1"},"canonical":"https:\/\/www.aterno.be\/fr\/dossiers\/quel-chauffage-electrique-choisir-pour-un-grenier\/","og_type":"article","og_title":"Quel chauffage \u00e9lectrique choisir pour un grenier\u00a0? | Aterno","og_description":"Comment choisir un chauffage \u00e9lectrique pour un grenier ? D\u00e9couvrez nos conseils pour trouver le mod\u00e8le le mieux adapt\u00e9 \u00e0 votre situation.","og_url":"https:\/\/www.aterno.be\/fr\/dossiers\/quel-chauffage-electrique-choisir-pour-un-grenier\/","og_site_name":"Aterno","article_publisher":"https:\/\/www.facebook.com\/aterno.belgium\/","article_published_time":"2022-06-14T09:40:03+00:00","article_modified_time":"2023-02-09T07:32:39+00:00","og_image":[{"width":720,"height":638,"url":"https:\/\/www.aterno.be\/app\/uploads\/2022\/06\/combles-en-renovation.jpg","type":"image\/jpeg"}],"author":"Nicolas Marey","twitter_card":"summary_large_image","twitter_misc":{"Written by":"Nicolas Marey","Est. reading time":"3 minutes"},"schema":{"@context":"https:\/\/schema.org","@graph":[{"@type":"Article","@id":"https:\/\/www.aterno.be\/fr\/dossiers\/quel-chauffage-electrique-choisir-pour-un-grenier\/#article","isPartOf":{"@id":"https:\/\/www.aterno.be\/fr\/dossiers\/quel-chauffage-electrique-choisir-pour-un-grenier\/"},"author":{"name":"Nicolas Marey","@id":"https:\/\/www.aterno.be\/nl\/#\/schema\/person\/5ac260c99fb2f286a6b6daa3e4894068"},"headline":"Quel chauffage \u00e9lectrique choisir pour un grenier\u00a0?","datePublished":"2022-06-14T09:40:03+00:00","dateModified":"2023-02-09T07:32:39+00:00","mainEntityOfPage":{"@id":"https:\/\/www.aterno.be\/fr\/dossiers\/quel-chauffage-electrique-choisir-pour-un-grenier\/"},"wordCount":544,"publisher":{"@id":"https:\/\/www.aterno.be\/nl\/#organization"},"image":{"@id":"https:\/\/www.aterno.be\/fr\/dossiers\/quel-chauffage-electrique-choisir-pour-un-grenier\/#primaryimage"},"thumbnailUrl":"https:\/\/www.aterno.be\/app\/uploads\/2022\/06\/combles-en-renovation.jpg","articleSection":["R\u00e9novation"],"inLanguage":"fr-BE"},{"@type":"WebPage","@id":"https:\/\/www.aterno.be\/fr\/dossiers\/quel-chauffage-electrique-choisir-pour-un-grenier\/","url":"https:\/\/www.aterno.be\/fr\/dossiers\/quel-chauffage-electrique-choisir-pour-un-grenier\/","name":"Quel chauffage \u00e9lectrique choisir pour un grenier\u00a0? | Aterno","isPartOf":{"@id":"https:\/\/www.aterno.be\/nl\/#website"},"primaryImageOfPage":{"@id":"https:\/\/www.aterno.be\/fr\/dossiers\/quel-chauffage-electrique-choisir-pour-un-grenier\/#primaryimage"},"image":{"@id":"https:\/\/www.aterno.be\/fr\/dossiers\/quel-chauffage-electrique-choisir-pour-un-grenier\/#primaryimage"},"thumbnailUrl":"https:\/\/www.aterno.be\/app\/uploads\/2022\/06\/combles-en-renovation.jpg","datePublished":"2022-06-14T09:40:03+00:00","dateModified":"2023-02-09T07:32:39+00:00","description":"Comment choisir un chauffage \u00e9lectrique pour un grenier ? D\u00e9couvrez nos conseils pour trouver le mod\u00e8le le mieux adapt\u00e9 \u00e0 votre situation.","breadcrumb":{"@id":"https:\/\/www.aterno.be\/fr\/dossiers\/quel-chauffage-electrique-choisir-pour-un-grenier\/#breadcrumb"},"inLanguage":"fr-BE","potentialAction":[{"@type":"ReadAction","target":["https:\/\/www.aterno.be\/fr\/dossiers\/quel-chauffage-electrique-choisir-pour-un-grenier\/"]}]},{"@type":"ImageObject","inLanguage":"fr-BE","@id":"https:\/\/www.aterno.be\/fr\/dossiers\/quel-chauffage-electrique-choisir-pour-un-grenier\/#primaryimage","url":"https:\/\/www.aterno.be\/app\/uploads\/2022\/06\/combles-en-renovation.jpg","contentUrl":"https:\/\/www.aterno.be\/app\/uploads\/2022\/06\/combles-en-renovation.jpg","width":720,"height":638,"caption":"combles en renovation"},{"@type":"BreadcrumbList","@id":"https:\/\/www.aterno.be\/fr\/dossiers\/quel-chauffage-electrique-choisir-pour-un-grenier\/#breadcrumb","itemListElement":[{"@type":"ListItem","position":1,"name":"Home","item":"https:\/\/www.aterno.be\/fr\/"},{"@type":"ListItem","position":2,"name":"Quel chauffage \u00e9lectrique choisir pour un grenier\u00a0?"}]},{"@type":"WebSite","@id":"https:\/\/www.aterno.be\/nl\/#website","url":"https:\/\/www.aterno.be\/nl\/","name":"Aterno Belgium","description":"","publisher":{"@id":"https:\/\/www.aterno.be\/nl\/#organization"},"alternateName":"Aterno","potentialAction":[{"@type":"SearchAction","target":{"@type":"EntryPoint","urlTemplate":"https:\/\/www.aterno.be\/nl\/?s={search_term_string}"},"query-input":{"@type":"PropertyValueSpecification","valueRequired":true,"valueName":"search_term_string"}}],"inLanguage":"fr-BE"},{"@type":"Organization","@id":"https:\/\/www.aterno.be\/nl\/#organization","name":"Aterno Belgium","alternateName":"Aterno","url":"https:\/\/www.aterno.be\/nl\/","logo":{"@type":"ImageObject","inLanguage":"fr-BE","@id":"https:\/\/www.aterno.be\/nl\/#\/schema\/logo\/image\/","url":"https:\/\/www.aterno.be\/app\/uploads\/2022\/06\/logo-aterno-2.png","contentUrl":"https:\/\/www.aterno.be\/app\/uploads\/2022\/06\/logo-aterno-2.png","width":246,"height":246,"caption":"Aterno Belgium"},"image":{"@id":"https:\/\/www.aterno.be\/nl\/#\/schema\/logo\/image\/"},"sameAs":["https:\/\/www.facebook.com\/aterno.belgium\/","https:\/\/www.linkedin.com\/company\/aterno\/"]},{"@type":"Person","@id":"https:\/\/www.aterno.be\/nl\/#\/schema\/person\/5ac260c99fb2f286a6b6daa3e4894068","name":"Nicolas Marey","image":{"@type":"ImageObject","inLanguage":"fr-BE","@id":"https:\/\/www.aterno.be\/nl\/#\/schema\/person\/image\/","url":"https:\/\/secure.gravatar.com\/avatar\/8fb51a00ab0cef6bc7628d6a38bf02be185e6ef58cff45802ddb9c495f9a5bb7?s=96&d=mm&r=g","contentUrl":"https:\/\/secure.gravatar.com\/avatar\/8fb51a00ab0cef6bc7628d6a38bf02be185e6ef58cff45802ddb9c495f9a5bb7?s=96&d=mm&r=g","caption":"Nicolas Marey"}}]}},"_links":{"self":[{"href":"https:\/\/www.aterno.be\/fr\/wp-json\/wp\/v2\/posts\/1660","targetHints":{"allow":["GET"]}}],"collection":[{"href":"https:\/\/www.aterno.be\/fr\/wp-json\/wp\/v2\/posts"}],"about":[{"href":"https:\/\/www.aterno.be\/fr\/wp-json\/wp\/v2\/types\/post"}],"author":[{"embeddable":true,"href":"https:\/\/www.aterno.be\/fr\/wp-json\/wp\/v2\/users\/2"}],"replies":[{"embeddable":true,"href":"https:\/\/www.aterno.be\/fr\/wp-json\/wp\/v2\/comments?post=1660"}],"version-history":[{"count":6,"href":"https:\/\/www.aterno.be\/fr\/wp-json\/wp\/v2\/posts\/1660\/revisions"}],"predecessor-version":[{"id":3439,"href":"https:\/\/www.aterno.be\/fr\/wp-json\/wp\/v2\/posts\/1660\/revisions\/3439"}],"wp:featuredmedia":[{"embeddable":true,"href":"https:\/\/www.aterno.be\/fr\/wp-json\/wp\/v2\/media\/1815"}],"wp:attachment":[{"href":"https:\/\/www.aterno.be\/fr\/wp-json\/wp\/v2\/media?parent=1660"}],"wp:term":[{"taxonomy":"category","embeddable":true,"href":"https:\/\/www.aterno.be\/fr\/wp-json\/wp\/v2\/categories?post=1660"},{"taxonomy":"post_tag","embeddable":true,"href":"https:\/\/www.aterno.be\/fr\/wp-json\/wp\/v2\/tags?post=1660"}],"curies":[{"name":"wp","href":"https:\/\/api.w.org\/{rel}","templated":true}]}}