{"id":1635,"date":"2022-06-14T10:45:34","date_gmt":"2022-06-14T08:45:34","guid":{"rendered":"https:\/\/www.aterno.be\/fr\/dossiers\/"},"modified":"2023-01-10T15:12:16","modified_gmt":"2023-01-10T14:12:16","slug":"chauffage-electrique-peut-on-chauffer-les-pieces-separement","status":"publish","type":"post","link":"https:\/\/www.aterno.be\/fr\/dossiers\/chauffage-electrique-peut-on-chauffer-les-pieces-separement\/","title":{"rendered":"Chauffage \u00e9lectrique\u00a0: peut-on chauffer les pi\u00e8ces s\u00e9par\u00e9ment\u00a0?"},"content":{"rendered":"<h2>Des appareils de chauffage \u00e9lectrique totalement ind\u00e9pendants<\/h2>\n<p>Le <a title=\"chauffage electrique\" href=\"https:\/\/www.aterno.be\/fr\/articles\/1-chauffage-electrique\/index.html\">chauffage \u00e9lectrique<\/a> fonctionne en totale autonomie et ses radiateurs sont r\u00e9glables individuellement. Vous choisissez ainsi leurs p\u00e9riodes de fonctionnement pour chaque pi\u00e8ce, en fonction de vos d\u00e9placements dans votre habitation et de vos heures de pr\u00e9sence chez vous. Si vous travaillez toute la journ\u00e9e, il est inutile de chauffer votre chambre \u00e0 coucher \u00e0 21 \u00b0C en continu. Le <a title=\"chauffage electrique salle de bain\" href=\"https:\/\/www.aterno.be\/fr\/articles\/3-chauffage-electrique-salle-de-bain\/index.html\">chauffage de votre salle de bain<\/a> doit \u00eatre op\u00e9rationnel pendant quelques heures le matin et le soir. Le reste du temps, il peut continuer de chauffer raisonnablement. La possibilit\u00e9 d&#8217;adapter pr\u00e9cis\u00e9ment le rythme de chauffe \u00e0 vos besoins vous permet de faire d&#8217;importantes \u00e9conomies.<\/p>\n<h2>Un thermostat ultra-pr\u00e9cis d\u00e9di\u00e9 pour chacun de vos appareils \u00e9lectriques<\/h2>\n<p>Les <a title=\"radiateur electrique connect\u00e9\" href=\"https:\/\/www.aterno.be\/fr\/articles\/19-radiateur-electrique-connecte\/index.html\">radiateurs \u00e9lectriques intelligents<\/a> sont \u00e9quip\u00e9s d&#8217;un syst\u00e8me de r\u00e9gulation ultra-performant et tr\u00e8s pr\u00e9cis. Dans chaque pi\u00e8ce, chacun de vos \u00e9quipements de <strong>chauffage \u00e9lectrique<\/strong> est pilot\u00e9 par son propre thermostat, qui mesure la temp\u00e9rature ambiante. Plac\u00e9 au centre de l&#8217;espace, il n&#8217;est pas influenc\u00e9 par la chaleur qui se d\u00e9gage du radiateur. Il s&#8217;assure en permanence que la temp\u00e9rature r\u00e9elle correspond bien \u00e0 celle que vous avez choisie. Si votre salon est chauff\u00e9 par les rayons du soleil en journ\u00e9e ou si votre cuisine b\u00e9n\u00e9ficie d&#8217;apports de chaleur induits par des appareils de cuisson, le <a title=\"radiateur \u00e9lectrique avec thermostat\" href=\"https:\/\/www.aterno.be\/fr\/articles\/109-radiateur-electrique-avec-thermostat\/index.html\">thermostat intelligent ordonne au radiateur<\/a> de chauffer plus raisonnablement. La possibilit\u00e9 de r\u00e9gler vos dispositifs au demi-degr\u00e9 pr\u00e8s dans chaque pi\u00e8ce et la correspondance parfaite entre la temp\u00e9rature r\u00e9elle et la consigne vous assurent de profiter d&#8217;un confort optimal. Vous limitez aussi durablement la consommation \u00e9nerg\u00e9tique de votre mat\u00e9riel.<\/p>\n<h2>Une solution de programmation intelligente<\/h2>\n<p>Sur la plupart des \u00e9quipements r\u00e9cents, les thermostats sont programmables : vous pouvez d\u00e9finir \u00e0 l&#8217;avance les plages horaires durant lesquelles vous souhaitez que votre <strong>chauffage \u00e9lectrique<\/strong> s&#8217;active pour que la pi\u00e8ce atteigne la consigne que vous avez choisie. S&#8217;il est possible de r\u00e9gler la temp\u00e9rature de chaque espace en manipulant un \u00e0 un les thermostats qui se trouvent aux quatre coins de votre habitation, il existe aussi des syst\u00e8mes qui vous permettent de programmer la consigne de chaque pi\u00e8ce \u00e0 partir d&#8217;un seul point.<\/p>\n<p>Aujourd&#8217;hui, vous pouvez m\u00eame piloter et programmer vos radiateurs \u00e0 distance gr\u00e2ce \u00e0 une application mobile. Vous g\u00e9rez chaque pi\u00e8ce \u00e0 partir d&#8217;un smartphone ou d&#8217;une tablette. Vous partez en vacances et avez oubli\u00e9 d&#8217;\u00e9teindre vos radiateurs ? Il vous suffit de s\u00e9lectionner les appareils de <strong>chauffage \u00e9lectrique<\/strong> que vous souhaitez mettre en position \u00ab hors-gel \u00bb sur votre application. Vous souhaitez profiter d&#8217;une chaleur douce et homog\u00e8ne lorsque vous rentrez ? Quelques heures avant votre retour, programmez la temp\u00e9rature id\u00e9ale dans chaque pi\u00e8ce via votre application mobile. Pour en savoir plus sur les \u00e9quipements de <a title=\"radiateur electrique nouvelle g\u00e9n\u00e9ration\" href=\"https:\/\/www.aterno.be\/fr\/articles\/23-radiateur-electrique-nouvelle-generation\/index.html\">chauffage \u00e9lectrique de derni\u00e8re g\u00e9n\u00e9ration<\/a>, demandez un guide gratuit.<\/p>\n<h3>FAQ sur le chauffage \u00e9lectrique<\/h3>\n<p>D&#8217;autres questions ? Consultez les ressources Aterno sur le sujet :<\/p>\n<ul>\n<li>Les avantages du <a title=\"chauffage electrique\" href=\"https:\/\/www.aterno.be\/fr\/avantages-chauffage-electrique\/\">chauffage \u00e9lectrique<\/a><\/li>\n<li>Quelles sont les caract\u00e9ristiques des diff\u00e9rentes technologies de <a title=\"chauffage electrique\" href=\"https:\/\/www.aterno.be\/fr\/dossiers\/quelles-sont-les-caracteristiques-des-differentes-technologies-de-chauffage-electrique\/\">chauffage \u00e9lectrique<\/a> ?<\/li>\n<li>Quelle est la diff\u00e9rence entre <a title=\"chauffage electrique\" href=\"https:\/\/www.aterno.be\/fr\/dossiers\/quelle-est-la-difference-entre-chauffage-electrique-au-gaz-et-au-mazout\/\">chauffage \u00e9lectrique<\/a>, au gaz et au mazout ?<\/li>\n<li><a title=\"chauffage electrique\" href=\"https:\/\/www.aterno.be\/fr\/dossiers\/chauffage-electrique-alliez-confort-et-securite\/\">Chauffage \u00e9lectrique<\/a> : alliez confort et s\u00e9curit\u00e9<\/li>\n<li>3 raisons de choisir le <a title=\"chauffage electrique\" href=\"https:\/\/www.aterno.be\/fr\/dossiers\/3-raisons-de-choisir-le-chauffage-electrique-en-renovation\/\">chauffage \u00e9lectrique<\/a> en r\u00e9novation<\/li>\n<li>Pourquoi combiner <a title=\"chauffage electrique\" href=\"https:\/\/www.aterno.be\/fr\/dossiers\/pourquoi-combiner-chauffage-electrique-et-panneaux-solaires\/\">chauffage \u00e9lectrique<\/a> et panneaux solaires ?<\/li>\n<\/ul>\n","protected":false},"excerpt":{"rendered":"<p>Des appareils de chauffage \u00e9lectrique totalement ind\u00e9pendants Le chauffage \u00e9lectrique fonctionne en totale autonomie et [&hellip;]<\/p>\n","protected":false},"author":2,"featured_media":1794,"comment_status":"closed","ping_status":"closed","sticky":false,"template":"","format":"standard","meta":{"_acf_changed":false,"footnotes":""},"categories":[9],"tags":[],"class_list":["post-1635","post","type-post","status-publish","format-standard","has-post-thumbnail","hentry","category-economies-d-energie"],"acf":[],"yoast_head":"<!-- This site is optimized with the Yoast SEO plugin v26.9 - https:\/\/yoast.com\/product\/yoast-seo-wordpress\/ -->\n<title>Chauffage \u00e9lectrique\u00a0: peut-on chauffer les pi\u00e8ces s\u00e9par\u00e9ment\u00a0? | Aterno<\/title>\n<meta name=\"description\" content=\"Vous souhaitez profiter d&#039;un confort optimal et faire des \u00e9conomies ? D\u00e9couvrez le chauffage \u00e9lectrique qui vous permet de chauffer s\u00e9par\u00e9ment vos pi\u00e8ces.\" \/>\n<meta name=\"robots\" content=\"index, follow, max-snippet:-1, max-image-preview:large, max-video-preview:-1\" \/>\n<link rel=\"canonical\" href=\"https:\/\/www.aterno.be\/fr\/dossiers\/chauffage-electrique-peut-on-chauffer-les-pieces-separement\/\" \/>\n<meta property=\"og:type\" content=\"article\" \/>\n<meta property=\"og:title\" content=\"Chauffage \u00e9lectrique\u00a0: peut-on chauffer les pi\u00e8ces s\u00e9par\u00e9ment\u00a0? | Aterno\" \/>\n<meta property=\"og:description\" content=\"Vous souhaitez profiter d&#039;un confort optimal et faire des \u00e9conomies ? D\u00e9couvrez le chauffage \u00e9lectrique qui vous permet de chauffer s\u00e9par\u00e9ment vos pi\u00e8ces.\" \/>\n<meta property=\"og:url\" content=\"https:\/\/www.aterno.be\/fr\/dossiers\/chauffage-electrique-peut-on-chauffer-les-pieces-separement\/\" \/>\n<meta property=\"og:site_name\" content=\"Aterno\" \/>\n<meta property=\"article:publisher\" content=\"https:\/\/www.facebook.com\/aterno.belgium\/\" \/>\n<meta property=\"article:published_time\" content=\"2022-06-14T08:45:34+00:00\" \/>\n<meta property=\"article:modified_time\" content=\"2023-01-10T14:12:16+00:00\" \/>\n<meta property=\"og:image\" content=\"https:\/\/www.aterno.be\/app\/uploads\/2022\/06\/radiateur-a-inertie-dans-un-salon.jpg\" \/>\n\t<meta property=\"og:image:width\" content=\"720\" \/>\n\t<meta property=\"og:image:height\" content=\"810\" \/>\n\t<meta property=\"og:image:type\" content=\"image\/jpeg\" \/>\n<meta name=\"author\" content=\"Nicolas Marey\" \/>\n<meta name=\"twitter:card\" content=\"summary_large_image\" \/>\n<meta name=\"twitter:label1\" content=\"Written by\" \/>\n\t<meta name=\"twitter:data1\" content=\"Nicolas Marey\" \/>\n\t<meta name=\"twitter:label2\" content=\"Est. reading time\" \/>\n\t<meta name=\"twitter:data2\" content=\"3 minutes\" \/>\n<script type=\"application\/ld+json\" class=\"yoast-schema-graph\">{\"@context\":\"https:\/\/schema.org\",\"@graph\":[{\"@type\":\"Article\",\"@id\":\"https:\/\/www.aterno.be\/fr\/dossiers\/chauffage-electrique-peut-on-chauffer-les-pieces-separement\/#article\",\"isPartOf\":{\"@id\":\"https:\/\/www.aterno.be\/fr\/dossiers\/chauffage-electrique-peut-on-chauffer-les-pieces-separement\/\"},\"author\":{\"name\":\"Nicolas Marey\",\"@id\":\"https:\/\/www.aterno.be\/nl\/#\/schema\/person\/5ac260c99fb2f286a6b6daa3e4894068\"},\"headline\":\"Chauffage \u00e9lectrique\u00a0: peut-on chauffer les pi\u00e8ces s\u00e9par\u00e9ment\u00a0?\",\"datePublished\":\"2022-06-14T08:45:34+00:00\",\"dateModified\":\"2023-01-10T14:12:16+00:00\",\"mainEntityOfPage\":{\"@id\":\"https:\/\/www.aterno.be\/fr\/dossiers\/chauffage-electrique-peut-on-chauffer-les-pieces-separement\/\"},\"wordCount\":590,\"publisher\":{\"@id\":\"https:\/\/www.aterno.be\/nl\/#organization\"},\"image\":{\"@id\":\"https:\/\/www.aterno.be\/fr\/dossiers\/chauffage-electrique-peut-on-chauffer-les-pieces-separement\/#primaryimage\"},\"thumbnailUrl\":\"https:\/\/www.aterno.be\/app\/uploads\/2022\/06\/radiateur-a-inertie-dans-un-salon.jpg\",\"articleSection\":[\"Economies d'\u00e9nergie\"],\"inLanguage\":\"fr-BE\"},{\"@type\":\"WebPage\",\"@id\":\"https:\/\/www.aterno.be\/fr\/dossiers\/chauffage-electrique-peut-on-chauffer-les-pieces-separement\/\",\"url\":\"https:\/\/www.aterno.be\/fr\/dossiers\/chauffage-electrique-peut-on-chauffer-les-pieces-separement\/\",\"name\":\"Chauffage \u00e9lectrique\u00a0: peut-on chauffer les pi\u00e8ces s\u00e9par\u00e9ment\u00a0? | Aterno\",\"isPartOf\":{\"@id\":\"https:\/\/www.aterno.be\/nl\/#website\"},\"primaryImageOfPage\":{\"@id\":\"https:\/\/www.aterno.be\/fr\/dossiers\/chauffage-electrique-peut-on-chauffer-les-pieces-separement\/#primaryimage\"},\"image\":{\"@id\":\"https:\/\/www.aterno.be\/fr\/dossiers\/chauffage-electrique-peut-on-chauffer-les-pieces-separement\/#primaryimage\"},\"thumbnailUrl\":\"https:\/\/www.aterno.be\/app\/uploads\/2022\/06\/radiateur-a-inertie-dans-un-salon.jpg\",\"datePublished\":\"2022-06-14T08:45:34+00:00\",\"dateModified\":\"2023-01-10T14:12:16+00:00\",\"description\":\"Vous souhaitez profiter d'un confort optimal et faire des \u00e9conomies ? D\u00e9couvrez le chauffage \u00e9lectrique qui vous permet de chauffer s\u00e9par\u00e9ment vos pi\u00e8ces.\",\"breadcrumb\":{\"@id\":\"https:\/\/www.aterno.be\/fr\/dossiers\/chauffage-electrique-peut-on-chauffer-les-pieces-separement\/#breadcrumb\"},\"inLanguage\":\"fr-BE\",\"potentialAction\":[{\"@type\":\"ReadAction\",\"target\":[\"https:\/\/www.aterno.be\/fr\/dossiers\/chauffage-electrique-peut-on-chauffer-les-pieces-separement\/\"]}]},{\"@type\":\"ImageObject\",\"inLanguage\":\"fr-BE\",\"@id\":\"https:\/\/www.aterno.be\/fr\/dossiers\/chauffage-electrique-peut-on-chauffer-les-pieces-separement\/#primaryimage\",\"url\":\"https:\/\/www.aterno.be\/app\/uploads\/2022\/06\/radiateur-a-inertie-dans-un-salon.jpg\",\"contentUrl\":\"https:\/\/www.aterno.be\/app\/uploads\/2022\/06\/radiateur-a-inertie-dans-un-salon.jpg\",\"width\":720,\"height\":810,\"caption\":\"radiateur a inertie Aterno dans un salon\"},{\"@type\":\"BreadcrumbList\",\"@id\":\"https:\/\/www.aterno.be\/fr\/dossiers\/chauffage-electrique-peut-on-chauffer-les-pieces-separement\/#breadcrumb\",\"itemListElement\":[{\"@type\":\"ListItem\",\"position\":1,\"name\":\"Home\",\"item\":\"https:\/\/www.aterno.be\/fr\/\"},{\"@type\":\"ListItem\",\"position\":2,\"name\":\"Chauffage \u00e9lectrique\u00a0: peut-on chauffer les pi\u00e8ces s\u00e9par\u00e9ment\u00a0?\"}]},{\"@type\":\"WebSite\",\"@id\":\"https:\/\/www.aterno.be\/nl\/#website\",\"url\":\"https:\/\/www.aterno.be\/nl\/\",\"name\":\"Aterno Belgium\",\"description\":\"\",\"publisher\":{\"@id\":\"https:\/\/www.aterno.be\/nl\/#organization\"},\"alternateName\":\"Aterno\",\"potentialAction\":[{\"@type\":\"SearchAction\",\"target\":{\"@type\":\"EntryPoint\",\"urlTemplate\":\"https:\/\/www.aterno.be\/nl\/?s={search_term_string}\"},\"query-input\":{\"@type\":\"PropertyValueSpecification\",\"valueRequired\":true,\"valueName\":\"search_term_string\"}}],\"inLanguage\":\"fr-BE\"},{\"@type\":\"Organization\",\"@id\":\"https:\/\/www.aterno.be\/nl\/#organization\",\"name\":\"Aterno Belgium\",\"alternateName\":\"Aterno\",\"url\":\"https:\/\/www.aterno.be\/nl\/\",\"logo\":{\"@type\":\"ImageObject\",\"inLanguage\":\"fr-BE\",\"@id\":\"https:\/\/www.aterno.be\/nl\/#\/schema\/logo\/image\/\",\"url\":\"https:\/\/www.aterno.be\/app\/uploads\/2022\/06\/logo-aterno-2.png\",\"contentUrl\":\"https:\/\/www.aterno.be\/app\/uploads\/2022\/06\/logo-aterno-2.png\",\"width\":246,\"height\":246,\"caption\":\"Aterno Belgium\"},\"image\":{\"@id\":\"https:\/\/www.aterno.be\/nl\/#\/schema\/logo\/image\/\"},\"sameAs\":[\"https:\/\/www.facebook.com\/aterno.belgium\/\",\"https:\/\/www.linkedin.com\/company\/aterno\/\"]},{\"@type\":\"Person\",\"@id\":\"https:\/\/www.aterno.be\/nl\/#\/schema\/person\/5ac260c99fb2f286a6b6daa3e4894068\",\"name\":\"Nicolas Marey\",\"image\":{\"@type\":\"ImageObject\",\"inLanguage\":\"fr-BE\",\"@id\":\"https:\/\/www.aterno.be\/nl\/#\/schema\/person\/image\/\",\"url\":\"https:\/\/secure.gravatar.com\/avatar\/8fb51a00ab0cef6bc7628d6a38bf02be185e6ef58cff45802ddb9c495f9a5bb7?s=96&d=mm&r=g\",\"contentUrl\":\"https:\/\/secure.gravatar.com\/avatar\/8fb51a00ab0cef6bc7628d6a38bf02be185e6ef58cff45802ddb9c495f9a5bb7?s=96&d=mm&r=g\",\"caption\":\"Nicolas Marey\"}}]}<\/script>\n<!-- \/ Yoast SEO plugin. -->","yoast_head_json":{"title":"Chauffage \u00e9lectrique\u00a0: peut-on chauffer les pi\u00e8ces s\u00e9par\u00e9ment\u00a0? | Aterno","description":"Vous souhaitez profiter d'un confort optimal et faire des \u00e9conomies ? D\u00e9couvrez le chauffage \u00e9lectrique qui vous permet de chauffer s\u00e9par\u00e9ment vos pi\u00e8ces.","robots":{"index":"index","follow":"follow","max-snippet":"max-snippet:-1","max-image-preview":"max-image-preview:large","max-video-preview":"max-video-preview:-1"},"canonical":"https:\/\/www.aterno.be\/fr\/dossiers\/chauffage-electrique-peut-on-chauffer-les-pieces-separement\/","og_type":"article","og_title":"Chauffage \u00e9lectrique\u00a0: peut-on chauffer les pi\u00e8ces s\u00e9par\u00e9ment\u00a0? | Aterno","og_description":"Vous souhaitez profiter d'un confort optimal et faire des \u00e9conomies ? D\u00e9couvrez le chauffage \u00e9lectrique qui vous permet de chauffer s\u00e9par\u00e9ment vos pi\u00e8ces.","og_url":"https:\/\/www.aterno.be\/fr\/dossiers\/chauffage-electrique-peut-on-chauffer-les-pieces-separement\/","og_site_name":"Aterno","article_publisher":"https:\/\/www.facebook.com\/aterno.belgium\/","article_published_time":"2022-06-14T08:45:34+00:00","article_modified_time":"2023-01-10T14:12:16+00:00","og_image":[{"width":720,"height":810,"url":"https:\/\/www.aterno.be\/app\/uploads\/2022\/06\/radiateur-a-inertie-dans-un-salon.jpg","type":"image\/jpeg"}],"author":"Nicolas Marey","twitter_card":"summary_large_image","twitter_misc":{"Written by":"Nicolas Marey","Est. reading time":"3 minutes"},"schema":{"@context":"https:\/\/schema.org","@graph":[{"@type":"Article","@id":"https:\/\/www.aterno.be\/fr\/dossiers\/chauffage-electrique-peut-on-chauffer-les-pieces-separement\/#article","isPartOf":{"@id":"https:\/\/www.aterno.be\/fr\/dossiers\/chauffage-electrique-peut-on-chauffer-les-pieces-separement\/"},"author":{"name":"Nicolas Marey","@id":"https:\/\/www.aterno.be\/nl\/#\/schema\/person\/5ac260c99fb2f286a6b6daa3e4894068"},"headline":"Chauffage \u00e9lectrique\u00a0: peut-on chauffer les pi\u00e8ces s\u00e9par\u00e9ment\u00a0?","datePublished":"2022-06-14T08:45:34+00:00","dateModified":"2023-01-10T14:12:16+00:00","mainEntityOfPage":{"@id":"https:\/\/www.aterno.be\/fr\/dossiers\/chauffage-electrique-peut-on-chauffer-les-pieces-separement\/"},"wordCount":590,"publisher":{"@id":"https:\/\/www.aterno.be\/nl\/#organization"},"image":{"@id":"https:\/\/www.aterno.be\/fr\/dossiers\/chauffage-electrique-peut-on-chauffer-les-pieces-separement\/#primaryimage"},"thumbnailUrl":"https:\/\/www.aterno.be\/app\/uploads\/2022\/06\/radiateur-a-inertie-dans-un-salon.jpg","articleSection":["Economies d'\u00e9nergie"],"inLanguage":"fr-BE"},{"@type":"WebPage","@id":"https:\/\/www.aterno.be\/fr\/dossiers\/chauffage-electrique-peut-on-chauffer-les-pieces-separement\/","url":"https:\/\/www.aterno.be\/fr\/dossiers\/chauffage-electrique-peut-on-chauffer-les-pieces-separement\/","name":"Chauffage \u00e9lectrique\u00a0: peut-on chauffer les pi\u00e8ces s\u00e9par\u00e9ment\u00a0? | Aterno","isPartOf":{"@id":"https:\/\/www.aterno.be\/nl\/#website"},"primaryImageOfPage":{"@id":"https:\/\/www.aterno.be\/fr\/dossiers\/chauffage-electrique-peut-on-chauffer-les-pieces-separement\/#primaryimage"},"image":{"@id":"https:\/\/www.aterno.be\/fr\/dossiers\/chauffage-electrique-peut-on-chauffer-les-pieces-separement\/#primaryimage"},"thumbnailUrl":"https:\/\/www.aterno.be\/app\/uploads\/2022\/06\/radiateur-a-inertie-dans-un-salon.jpg","datePublished":"2022-06-14T08:45:34+00:00","dateModified":"2023-01-10T14:12:16+00:00","description":"Vous souhaitez profiter d'un confort optimal et faire des \u00e9conomies ? D\u00e9couvrez le chauffage \u00e9lectrique qui vous permet de chauffer s\u00e9par\u00e9ment vos pi\u00e8ces.","breadcrumb":{"@id":"https:\/\/www.aterno.be\/fr\/dossiers\/chauffage-electrique-peut-on-chauffer-les-pieces-separement\/#breadcrumb"},"inLanguage":"fr-BE","potentialAction":[{"@type":"ReadAction","target":["https:\/\/www.aterno.be\/fr\/dossiers\/chauffage-electrique-peut-on-chauffer-les-pieces-separement\/"]}]},{"@type":"ImageObject","inLanguage":"fr-BE","@id":"https:\/\/www.aterno.be\/fr\/dossiers\/chauffage-electrique-peut-on-chauffer-les-pieces-separement\/#primaryimage","url":"https:\/\/www.aterno.be\/app\/uploads\/2022\/06\/radiateur-a-inertie-dans-un-salon.jpg","contentUrl":"https:\/\/www.aterno.be\/app\/uploads\/2022\/06\/radiateur-a-inertie-dans-un-salon.jpg","width":720,"height":810,"caption":"radiateur a inertie Aterno dans un salon"},{"@type":"BreadcrumbList","@id":"https:\/\/www.aterno.be\/fr\/dossiers\/chauffage-electrique-peut-on-chauffer-les-pieces-separement\/#breadcrumb","itemListElement":[{"@type":"ListItem","position":1,"name":"Home","item":"https:\/\/www.aterno.be\/fr\/"},{"@type":"ListItem","position":2,"name":"Chauffage \u00e9lectrique\u00a0: peut-on chauffer les pi\u00e8ces s\u00e9par\u00e9ment\u00a0?"}]},{"@type":"WebSite","@id":"https:\/\/www.aterno.be\/nl\/#website","url":"https:\/\/www.aterno.be\/nl\/","name":"Aterno Belgium","description":"","publisher":{"@id":"https:\/\/www.aterno.be\/nl\/#organization"},"alternateName":"Aterno","potentialAction":[{"@type":"SearchAction","target":{"@type":"EntryPoint","urlTemplate":"https:\/\/www.aterno.be\/nl\/?s={search_term_string}"},"query-input":{"@type":"PropertyValueSpecification","valueRequired":true,"valueName":"search_term_string"}}],"inLanguage":"fr-BE"},{"@type":"Organization","@id":"https:\/\/www.aterno.be\/nl\/#organization","name":"Aterno Belgium","alternateName":"Aterno","url":"https:\/\/www.aterno.be\/nl\/","logo":{"@type":"ImageObject","inLanguage":"fr-BE","@id":"https:\/\/www.aterno.be\/nl\/#\/schema\/logo\/image\/","url":"https:\/\/www.aterno.be\/app\/uploads\/2022\/06\/logo-aterno-2.png","contentUrl":"https:\/\/www.aterno.be\/app\/uploads\/2022\/06\/logo-aterno-2.png","width":246,"height":246,"caption":"Aterno Belgium"},"image":{"@id":"https:\/\/www.aterno.be\/nl\/#\/schema\/logo\/image\/"},"sameAs":["https:\/\/www.facebook.com\/aterno.belgium\/","https:\/\/www.linkedin.com\/company\/aterno\/"]},{"@type":"Person","@id":"https:\/\/www.aterno.be\/nl\/#\/schema\/person\/5ac260c99fb2f286a6b6daa3e4894068","name":"Nicolas Marey","image":{"@type":"ImageObject","inLanguage":"fr-BE","@id":"https:\/\/www.aterno.be\/nl\/#\/schema\/person\/image\/","url":"https:\/\/secure.gravatar.com\/avatar\/8fb51a00ab0cef6bc7628d6a38bf02be185e6ef58cff45802ddb9c495f9a5bb7?s=96&d=mm&r=g","contentUrl":"https:\/\/secure.gravatar.com\/avatar\/8fb51a00ab0cef6bc7628d6a38bf02be185e6ef58cff45802ddb9c495f9a5bb7?s=96&d=mm&r=g","caption":"Nicolas Marey"}}]}},"_links":{"self":[{"href":"https:\/\/www.aterno.be\/fr\/wp-json\/wp\/v2\/posts\/1635","targetHints":{"allow":["GET"]}}],"collection":[{"href":"https:\/\/www.aterno.be\/fr\/wp-json\/wp\/v2\/posts"}],"about":[{"href":"https:\/\/www.aterno.be\/fr\/wp-json\/wp\/v2\/types\/post"}],"author":[{"embeddable":true,"href":"https:\/\/www.aterno.be\/fr\/wp-json\/wp\/v2\/users\/2"}],"replies":[{"embeddable":true,"href":"https:\/\/www.aterno.be\/fr\/wp-json\/wp\/v2\/comments?post=1635"}],"version-history":[{"count":5,"href":"https:\/\/www.aterno.be\/fr\/wp-json\/wp\/v2\/posts\/1635\/revisions"}],"predecessor-version":[{"id":3399,"href":"https:\/\/www.aterno.be\/fr\/wp-json\/wp\/v2\/posts\/1635\/revisions\/3399"}],"wp:featuredmedia":[{"embeddable":true,"href":"https:\/\/www.aterno.be\/fr\/wp-json\/wp\/v2\/media\/1794"}],"wp:attachment":[{"href":"https:\/\/www.aterno.be\/fr\/wp-json\/wp\/v2\/media?parent=1635"}],"wp:term":[{"taxonomy":"category","embeddable":true,"href":"https:\/\/www.aterno.be\/fr\/wp-json\/wp\/v2\/categories?post=1635"},{"taxonomy":"post_tag","embeddable":true,"href":"https:\/\/www.aterno.be\/fr\/wp-json\/wp\/v2\/tags?post=1635"}],"curies":[{"name":"wp","href":"https:\/\/api.w.org\/{rel}","templated":true}]}}